{"id":8472,"date":"2020-11-25T18:24:18","date_gmt":"2020-11-25T16:24:18","guid":{"rendered":"http:\/\/kostelecuholesova.eu\/?p=8472"},"modified":"2020-11-25T18:24:18","modified_gmt":"2020-11-25T16:24:18","slug":"takovy-maly-podvudek","status":"publish","type":"post","link":"https:\/\/kostelecuholesova.eu\/?p=8472","title":{"rendered":"Takov\u00fd mal\u00fd podv\u016fdek"},"content":{"rendered":"<p><span style=\"color: #0000ff;\"><strong>Podstatou m\u00e9ho p\u0159\u00edsp\u011bvku <a href=\"http:\/\/kostelecuholesova.eu\/?p=8102\" target=\"_blank\" rel=\"noopener noreferrer\"><em>&#8222;Nemoc mocn\u00fdch: pohrd\u00e1n\u00ed a arogance&#8220;<\/em><\/a> ze 14.8.2020 bylo doporu\u010den\u00ed ov\u011b\u0159ovat si na faktech, dokumentech a jin\u00fdch zdroj\u00edch informace proud\u00edc\u00ed od obce. Odezvou byla a\u017e hysterick\u00e1 reakce, kter\u00e1 ale nevysv\u011btlovala j\u00e1dro probl\u00e9mu. O p\u00e1r t\u00fddn\u016f pozd\u011bji tu m\u00e1me druh\u00fd d\u00edl. Ov\u011b\u0159ujte si a d\u00e1vejte si pozor, co v\u00e1m z obce sl\u00edb\u00ed, co obci podep\u00ed\u0161ete a jak\u00e9 budou re\u00e1ln\u00e9 n\u00e1sledky.<br \/>\n<\/strong><\/span><\/p>\n<p>Z kraje roku 2018 za\u010dala p\u0159\u00edprava na rekonstrukci chodn\u00edk\u016f. Jeliko\u017e od ml\u00e9k\u00e1rny po dru\u017estvo jsou obecn\u00ed chodn\u00edky na soukrom\u00fdch pozemc\u00edch, bylo pot\u0159eba m\u00edt souhlas vlastn\u00edk\u016f. <a href=\"http:\/\/kostelecuholesova.eu\/wp-content\/uploads\/2020\/11\/Smlouva.pdf\" target=\"_blank\" rel=\"noopener noreferrer\">Souhlasy<\/a> jsou podepsan\u00e9 1.3.2018 na <strong>dobu neur\u010ditou<\/strong>.<\/p>\n<p><a href=\"http:\/\/kostelecuholesova.eu\/wp-content\/uploads\/2020\/11\/Smlouva_Page_2-e1606168947887.jpg\" target=\"_blank\" rel=\"noopener noreferrer\"><img loading=\"lazy\" decoding=\"async\" class=\"alignnone wp-image-8535 size-full\" src=\"http:\/\/kostelecuholesova.eu\/wp-content\/uploads\/2020\/11\/Smlouva_Page_2-e1606168947887.jpg\" alt=\"\" width=\"1321\" height=\"89\" srcset=\"https:\/\/kostelecuholesova.eu\/wp-content\/uploads\/2020\/11\/Smlouva_Page_2-e1606168947887.jpg 1321w, https:\/\/kostelecuholesova.eu\/wp-content\/uploads\/2020\/11\/Smlouva_Page_2-e1606168947887-300x20.jpg 300w, https:\/\/kostelecuholesova.eu\/wp-content\/uploads\/2020\/11\/Smlouva_Page_2-e1606168947887-1024x69.jpg 1024w, https:\/\/kostelecuholesova.eu\/wp-content\/uploads\/2020\/11\/Smlouva_Page_2-e1606168947887-768x52.jpg 768w\" sizes=\"auto, (max-width: 1321px) 100vw, 1321px\" \/><\/a><\/p>\n<p>Zvl\u00e1\u0161tn\u00ed je rozsah smlouvy &#8211; krom\u011b obnovy chodn\u00edku, tak\u00e9 <strong>obnova zelen\u011b<\/strong>.<\/p>\n<p><a href=\"http:\/\/kostelecuholesova.eu\/wp-content\/uploads\/2020\/11\/Smlouva_Page_1-e1606168840139.jpg\" target=\"_blank\" rel=\"noopener noreferrer\"><img loading=\"lazy\" decoding=\"async\" class=\"alignnone wp-image-8534 size-full\" src=\"http:\/\/kostelecuholesova.eu\/wp-content\/uploads\/2020\/11\/Smlouva_Page_1-e1606168840139.jpg\" alt=\"\" width=\"1305\" height=\"138\" srcset=\"https:\/\/kostelecuholesova.eu\/wp-content\/uploads\/2020\/11\/Smlouva_Page_1-e1606168840139.jpg 1305w, https:\/\/kostelecuholesova.eu\/wp-content\/uploads\/2020\/11\/Smlouva_Page_1-e1606168840139-300x32.jpg 300w, https:\/\/kostelecuholesova.eu\/wp-content\/uploads\/2020\/11\/Smlouva_Page_1-e1606168840139-1024x108.jpg 1024w, https:\/\/kostelecuholesova.eu\/wp-content\/uploads\/2020\/11\/Smlouva_Page_1-e1606168840139-768x81.jpg 768w\" sizes=\"auto, (max-width: 1305px) 100vw, 1305px\" \/><\/a><\/p>\n<p>Netu\u0161\u00edm, co a jak bylo majitel\u016fm pozemk\u016f ze strany p. Hlobila st. vysv\u011btlov\u00e1no, co bude p\u0159edm\u011btem neur\u010dit\u00e9 formulace obnova zelen\u011b. S jistotou v\u00edm, \u017ee <strong>1.3.2018 neexistoval \u017e\u00e1dn\u00fd projekt<\/strong>, jak a v jak\u00e9m rozsahu bude zele\u0148 \u0159e\u0161ena. <a href=\"http:\/\/kostelecuholesova.eu\/wp-content\/uploads\/2020\/11\/Technick\u00e1-zpr\u00e1va-2.pdf\" target=\"_blank\" rel=\"noopener noreferrer\">Projekt<\/a> spat\u0159il sv\u011btlo sv\u011bta a\u017e v srpnu 2019, tedy po roce a p\u016fl od podpisu.<\/p>\n<p>Sou\u010d\u00e1st\u00ed projektu bylo vyk\u00e1cen\u00ed existuj\u00edc\u00edch d\u0159evin. To samoz\u0159ejm\u011b nejde ud\u011blat jen tak, proto\u017ee tu m\u00e1me <a href=\"https:\/\/www.zakonyprolidi.cz\/cs\/1992-114\" target=\"_blank\" rel=\"noopener noreferrer\">z\u00e1kon o ochran\u011b p\u0159\u00edrody a krajiny \u010d. 114\/1992 Sb.<\/a>. A podle tohoto z\u00e1kona mus\u00ed b\u00fdt k\u00e1cen\u00ed povoleno (obvod nad 80 cm m\u011b\u0159eno ve 130 cm) ve spr\u00e1vn\u00edm \u0159\u00edzen\u00ed. A tady m\u00e1me podv\u016fdek od obce. Sami majitel\u00e9 o pok\u00e1cen\u00ed ne\u017e\u00e1dali, ale d\u011blala to za n\u011b obec na z\u00e1klad\u011b podepsan\u00e9 <a href=\"http:\/\/kostelecuholesova.eu\/wp-content\/uploads\/2020\/11\/Smlouva.pdf\" target=\"_blank\" rel=\"noopener noreferrer\">smlouvy<\/a>. Podv\u016fdek spo\u010d\u00edv\u00e1 v tom, \u017ee souhlas majitel\u016f ze smlouvy se mohl pou\u017e\u00edt pouze ke stavebn\u00edmu \u0159\u00edzen\u00ed (z\u00e1kon 183\/2006 Sb.). O pou\u017eit\u00ed smlouvy ke spr\u00e1vn\u00edmu \u0159\u00edzen\u00ed na k\u00e1cen\u00ed strom\u016f nen\u00ed ve smlouv\u011b ani sl\u016fvko.<\/p>\n<p><a href=\"http:\/\/kostelecuholesova.eu\/wp-content\/uploads\/2020\/11\/Smlouva_Page_2B-e1606212401577.jpg\" target=\"_blank\" rel=\"noopener noreferrer\"><img loading=\"lazy\" decoding=\"async\" class=\"alignnone wp-image-8544 size-full\" src=\"http:\/\/kostelecuholesova.eu\/wp-content\/uploads\/2020\/11\/Smlouva_Page_2B-e1606212401577.jpg\" alt=\"\" width=\"1303\" height=\"164\" srcset=\"https:\/\/kostelecuholesova.eu\/wp-content\/uploads\/2020\/11\/Smlouva_Page_2B-e1606212401577.jpg 1303w, https:\/\/kostelecuholesova.eu\/wp-content\/uploads\/2020\/11\/Smlouva_Page_2B-e1606212401577-300x38.jpg 300w, https:\/\/kostelecuholesova.eu\/wp-content\/uploads\/2020\/11\/Smlouva_Page_2B-e1606212401577-1024x129.jpg 1024w, https:\/\/kostelecuholesova.eu\/wp-content\/uploads\/2020\/11\/Smlouva_Page_2B-e1606212401577-768x97.jpg 768w\" sizes=\"auto, (max-width: 1303px) 100vw, 1303px\" \/><\/a><\/p>\n<p><strong>Tak\u017ee si to shr\u0148me.<\/strong><\/p>\n<ol>\n<li>Obec 1.3.2018 podepsala s majiteli pozemk\u016f <a href=\"http:\/\/kostelecuholesova.eu\/wp-content\/uploads\/2020\/11\/Smlouva.pdf\" target=\"_blank\" rel=\"noopener noreferrer\">smlouvu<\/a> se souhlasem na obnovu zelen\u011b.<\/li>\n<li>S \u010d\u00edm majitel\u00e9 vlastn\u011b souhlasili se mohli nejd\u0159\u00edve dozv\u011bd\u011bt po roce a p\u016fl, v srpnu 2019, kdy byl vypracov\u00e1n projekt.<\/li>\n<li>Obec 17.6.2020 za majitele \u017e\u00e1dala o pok\u00e1cen\u00ed strom\u016f. \u017d\u00e1dost dolo\u017eila <a href=\"http:\/\/kostelecuholesova.eu\/wp-content\/uploads\/2020\/11\/Smlouva.pdf\" target=\"_blank\" rel=\"noopener noreferrer\">smlouvou<\/a> s majiteli, kde \u017e\u00e1dn\u00e9 zmocn\u011bn\u00ed obce uvedeno nen\u00ed.<\/li>\n<li>Po pok\u00e1cen\u00ed strom\u016f v listopadu 2020 byla \u010d\u00e1st majitel\u016f pozemk\u016f zasko\u010dena citeln\u00fdm zv\u00fd\u0161en\u00edm hlu\u010dnosti a prachu od silnice.<\/li>\n<li>D\u00edky absenci vizualizace v PD nen\u00ed jasn\u00e9, jak nov\u00e1 zele\u0148 odst\u00edn\u00ed hluk a prach ze silnice.<\/li>\n<li>Nejasn\u00e1 z\u016fst\u00e1v\u00e1 \u00fadr\u017eba z\u00e1hon\u016f (plet\u00ed, zal\u00e9v\u00e1n\u00ed). P\u0159edev\u0161\u00edm kdo j\u00ed bude z dlouhodob\u00e9ho hlediska d\u011blat a financovat.<\/li>\n<li>St\u00e1le existuje riziko, \u017ee obec n\u011bkdy v budoucnu pou\u017eije <a href=\"http:\/\/kostelecuholesova.eu\/wp-content\/uploads\/2020\/11\/Smlouva.pdf\" target=\"_blank\" rel=\"noopener noreferrer\">smlouvu<\/a> uzav\u0159enou na dobu neur\u010ditou k zat\u00edm nezn\u00e1m\u00e9 aktivit\u011b, kter\u00e1 se n\u011bkter\u00fdm majitel\u016fm pozemk\u016f nemus\u00ed l\u00edbit.<\/li>\n<\/ol>\n<p>Na v\u00fd\u0161e uveden\u00e9 navazuje i dal\u0161\u00ed podv\u016fdek ze strany obce. Mo\u017en\u00e1 to nen\u00ed podv\u016fdek, jenom lemplovstv\u00ed a \u0161lendri\u00e1n. \u0160lo o pok\u00e1cen\u00ed smrku pichlav\u00e9ho, kter\u00fd stoj\u00ed na pozemku 736\/29 &#8211; to je naproti bramb\u016frk\u00e1rn\u011b v zat\u00e1\u010dce se zrcadlem. Strom tam dle pam\u011btn\u00edk\u016f stoj\u00ed asi 25 let. V projektu byla nespr\u00e1vn\u011b uvedena podm\u011bre\u010dn\u00e1 velikost 79 cm a strom mohl b\u00fdt pok\u00e1cen bez spr\u00e1vn\u00edho \u0159\u00edzen\u00ed. \u010cesk\u00e1 inspekce \u017eivotn\u00edho prost\u0159ed\u00ed provedla v obci 7.8.2020 inspek\u010dn\u00ed \u0161et\u0159en\u00ed. Strom po p\u0159em\u011b\u0159en\u00ed m\u011bl nadm\u011bre\u010dn\u00fdch 97 cm a obec musela zah\u00e1jit nov\u00e9 spr\u00e1vn\u00ed \u0159\u00edzen\u00ed o k\u00e1cen\u00ed.<\/p>\n<p>V od\u016fvodn\u011bn\u00ed k\u00e1cen\u00ed Obecn\u00ed \u00fa\u0159ad neust\u00e1le uv\u00e1d\u011bl argument &#8222;\u017eivotnost je sn\u00ed\u017eena p\u0159edchoz\u00edm o\u0159ez\u00e1n\u00edm v\u011btv\u00ed&#8220;. Argument je absurdn\u00ed. K o\u0159ez\u00e1n\u00ed stromu do\u0161lo v obdob\u00ed, kdy chod obce byl pod veden\u00edm zem\u011bd\u011blsk\u00e9ho in\u017een\u00fdra Ing. Petra Hlobila st.. Nezaujat\u00fd pozorovatel by mohl doj\u00edt k z\u00e1v\u011bru, \u017ee obec sama sob\u011b nevhodn\u011b o\u0159ezala strom, aby po p\u00e1r letech m\u011bla d\u016fvod jej pok\u00e1cet.<\/p>\n<p>Obecn\u00ed \u00fa\u0159ad Kostelec u Hole\u0161ova vydal 24.9.2020 <a href=\"http:\/\/kostelecuholesova.eu\/wp-content\/uploads\/2020\/11\/KuH-rozhodnut\u00ed-o-povolen\u00ed-k\u00e1cen\u00ed.pdf\" target=\"_blank\" rel=\"noopener noreferrer\">Rozhodnut\u00ed o k\u00e1cen\u00ed<\/a>, spolek Aktivn\u00ed kostelec z.s. podal 18.10.2020 <a href=\"http:\/\/kostelecuholesova.eu\/wp-content\/uploads\/2020\/11\/odvolani-proti-rozhodnuti.pdf\" target=\"_blank\" rel=\"noopener noreferrer\">odvol\u00e1n\u00ed<\/a>. Krajsk\u00fd \u00fa\u0159ad Zl\u00ednsk\u00e9ho kraje <a href=\"http:\/\/kostelecuholesova.eu\/wp-content\/uploads\/2020\/11\/KUZK-Rozhodnuti-o-odvolani-k\u00e1cen\u00ed-d\u0159evin-Kostelec-u-Hole\u0161ova.pdf\" target=\"_blank\" rel=\"noopener noreferrer\">rozhodnul 5.11.2020<\/a> o odvol\u00e1n\u00ed a zm\u011bnil p\u016fvodn\u00ed Rozhodnut\u00ed Obecn\u00edho \u00fa\u0159adu tak, \u017ee k\u00e1cen\u00ed smrku pichlav\u00e9ho nepovoluje.<\/p>\n<p><strong>Shr\u0148me si fakta<\/strong><\/p>\n<ol>\n<li>Obec si nezkontrolovala spr\u00e1vnost fakt\u016f uv\u00e1d\u011bn\u00fdch v projektov\u00e9 dokumentaci, a\u010dkoliv m\u00e1 ve sv\u00fdch \u0159ad\u00e1ch zem\u011bd\u011blsk\u00e9ho in\u017een\u00fdra, tedy osobu s odborn\u00fdmi p\u0159edpoklady pro zhodnocen\u00ed projektov\u00e9 dokumentace.<\/li>\n<li>Obecn\u00ed \u00fa\u0159ad na sebe upozornil \u010cI\u017dP, \u017ee nedostate\u010dn\u011b db\u00e1 na dodr\u017eov\u00e1n\u00ed <a href=\"https:\/\/www.zakonyprolidi.cz\/cs\/1992-114\" target=\"_blank\" rel=\"noopener noreferrer\">z\u00e1kona o ochran\u011b p\u0159\u00edrody a krajiny \u010d. 114\/1992 Sb.<\/a>.<\/li>\n<li>Obecn\u00ed \u00fa\u0159ad na sebe upozornil odvolac\u00ed org\u00e1n K\u00da Zl\u00ednsk\u00e9ho kraje, kdy\u017e se p\u0159ez\u00edrav\u00fdm a nedostate\u010dn\u00fdm zp\u016fsobem nedok\u00e1zal vypo\u0159\u00e1dat s po\u017eadavky na od\u016fvodn\u011bn\u00ed k\u00e1cen\u00ed smrku pichlav\u00e9ho.<\/li>\n<\/ol>\n<p>Moje doporu\u010den\u00ed na z\u00e1v\u011br. Pe\u010dliv\u011b si prostudujte, co obci podepisujete. Ov\u011b\u0159ujte si na faktech a dokumentech informace, co jsou V\u00e1m p\u0159edkl\u00e1d\u00e1ny. Stromy a ve\u0159ejnou zele\u0148 bychom si m\u011bli pe\u010dliv\u011b chr\u00e1nit. Kv\u016fli k\u016frovci jsme p\u0159i\u0161li o drtivou \u010d\u00e1st na\u0161eho lesa. K\u00e1cen\u00edm strom\u016f uvnit\u0159 obce se p\u0159ipravujeme o st\u00edn a zdroj kysl\u00edku p\u0159\u00edmo u na\u0161ich obydl\u00ed. Uva\u017eujme s rozmyslem, proto\u017ee pok\u00e1cen\u00fd vzrostl\u00fd strom se funk\u010dn\u011b nahrad\u00ed novou v\u00fdsadbou a\u017e za des\u00edtky let.<\/p>\n","protected":false},"excerpt":{"rendered":"<p>Podstatou m\u00e9ho p\u0159\u00edsp\u011bvku &#8222;Nemoc mocn\u00fdch: pohrd\u00e1n\u00ed a arogance&#8220; ze 14.8.2020 bylo doporu\u010den\u00ed ov\u011b\u0159ovat si na faktech, dokumentech a jin\u00fdch zdroj\u00edch informace proud\u00edc\u00ed od obce. Odezvou byla a\u017e hysterick\u00e1 reakce, kter\u00e1 ale nevysv\u011btlovala j\u00e1dro probl\u00e9mu. O p\u00e1r t\u00fddn\u016f pozd\u011bji tu m\u00e1me druh\u00fd d\u00edl. Ov\u011b\u0159ujte si a d\u00e1vejte si pozor, co v\u00e1m z obce sl\u00edb\u00ed, co obci &hellip; <a href=\"https:\/\/kostelecuholesova.eu\/?p=8472\" class=\"more-link\">Pokra\u010dov\u00e1n\u00ed textu <span class=\"screen-reader-text\">Takov\u00fd mal\u00fd podv\u016fdek<\/span> <span class=\"meta-nav\">&rarr;<\/span><\/a><\/p>\n","protected":false},"author":1,"featured_media":0,"comment_status":"open","ping_status":"closed","sticky":false,"template":"","format":"standard","meta":{"_monsterinsights_skip_tracking":false,"_monsterinsights_sitenote_active":false,"_monsterinsights_sitenote_note":"","_monsterinsights_sitenote_category":0,"footnotes":""},"categories":[10,11],"tags":[],"class_list":["post-8472","post","type-post","status-publish","format-standard","hentry","category-dokumenty","category-komentare"],"_links":{"self":[{"href":"https:\/\/kostelecuholesova.eu\/index.php?rest_route=\/wp\/v2\/posts\/8472","targetHints":{"allow":["GET"]}}],"collection":[{"href":"https:\/\/kostelecuholesova.eu\/index.php?rest_route=\/wp\/v2\/posts"}],"about":[{"href":"https:\/\/kostelecuholesova.eu\/index.php?rest_route=\/wp\/v2\/types\/post"}],"author":[{"embeddable":true,"href":"https:\/\/kostelecuholesova.eu\/index.php?rest_route=\/wp\/v2\/users\/1"}],"replies":[{"embeddable":true,"href":"https:\/\/kostelecuholesova.eu\/index.php?rest_route=%2Fwp%2Fv2%2Fcomments&post=8472"}],"version-history":[{"count":24,"href":"https:\/\/kostelecuholesova.eu\/index.php?rest_route=\/wp\/v2\/posts\/8472\/revisions"}],"predecessor-version":[{"id":8561,"href":"https:\/\/kostelecuholesova.eu\/index.php?rest_route=\/wp\/v2\/posts\/8472\/revisions\/8561"}],"wp:attachment":[{"href":"https:\/\/kostelecuholesova.eu\/index.php?rest_route=%2Fwp%2Fv2%2Fmedia&parent=8472"}],"wp:term":[{"taxonomy":"category","embeddable":true,"href":"https:\/\/kostelecuholesova.eu\/index.php?rest_route=%2Fwp%2Fv2%2Fcategories&post=8472"},{"taxonomy":"post_tag","embeddable":true,"href":"https:\/\/kostelecuholesova.eu\/index.php?rest_route=%2Fwp%2Fv2%2Ftags&post=8472"}],"curies":[{"name":"wp","href":"https:\/\/api.w.org\/{rel}","templated":true}]}}