{"id":6594,"date":"2019-05-31T16:30:27","date_gmt":"2019-05-31T14:30:27","guid":{"rendered":"http:\/\/kostelecuholesova.eu\/?p=6594"},"modified":"2019-05-31T16:30:27","modified_gmt":"2019-05-31T14:30:27","slug":"kostelec-u-holesova-bojuje-o-svou-existenci","status":"publish","type":"post","link":"https:\/\/kostelecuholesova.eu\/?p=6594","title":{"rendered":"Kostelec u Hole\u0161ova bojuje o svou existenci"},"content":{"rendered":"<p style=\"text-align: justify;\"><span style=\"color: #0000ff;\"><strong>Titulek jsem si vyp\u016fj\u010dil z Den\u00edku Krom\u011b\u0159\u00ed\u017eska. O existenci nebojuje obec, ale fotbalov\u00fd klub SK Moravan z.s. &#8211; alespo\u0148 tak to vypl\u00fdv\u00e1 z \u010dl\u00e1nku Daniela Ostr\u010dil\u00edka.<\/strong><\/span><\/p>\n<p style=\"text-align: justify;\">V \u00fater\u00fd 28.5.2019 vy\u0161el v Den\u00edku Krom\u011b\u0159\u00ed\u017eska pom\u011brn\u011b obs\u00e1hl\u00fd \u010dl\u00e1nek Daniela Ostr\u010dil\u00edka dopln\u011bn\u00fd o mnoh\u00e1 vyj\u00e1d\u0159en\u00ed a koment\u00e1\u0159e Du\u0161ana Marka, \u010dlena v\u00fdboru klubu.<\/p>\n<figure id=\"attachment_6597\" aria-describedby=\"caption-attachment-6597\" style=\"width: 970px\" class=\"wp-caption alignnone\"><a href=\"http:\/\/kostelecuholesova.eu\/wp-content\/uploads\/2019\/05\/Krom\u011b\u0159\u00ed\u017esk\u00fd-den\u00edk_2_Kostelec.jpg\" target=\"_blank\"><img loading=\"lazy\" decoding=\"async\" class=\"wp-image-6597 size-full\" src=\"http:\/\/kostelecuholesova.eu\/wp-content\/uploads\/2019\/05\/Krom\u011b\u0159\u00ed\u017esk\u00fd-den\u00edk_2_Kostelec.jpg\" alt=\"Krom\u011b\u0159\u00ed\u017esk\u00fd den\u00edk_2_Kostelec\" width=\"970\" height=\"845\" srcset=\"https:\/\/kostelecuholesova.eu\/wp-content\/uploads\/2019\/05\/Krom\u011b\u0159\u00ed\u017esk\u00fd-den\u00edk_2_Kostelec.jpg 970w, https:\/\/kostelecuholesova.eu\/wp-content\/uploads\/2019\/05\/Krom\u011b\u0159\u00ed\u017esk\u00fd-den\u00edk_2_Kostelec-300x261.jpg 300w\" sizes=\"auto, (max-width: 970px) 100vw, 970px\" \/><\/a><figcaption id=\"caption-attachment-6597\" class=\"wp-caption-text\">Den\u00edk Krom\u011b\u0159\u00ed\u017eska 28.5.2019<\/figcaption><\/figure>\n<p style=\"text-align: justify;\">Nechci tady hodnotit sportovn\u00ed v\u00fdkony Kosteleck\u00fdch fotbalist\u016f &#8211; je to ostatn\u011b sport, kdy jednou jste naho\u0159e a podruh\u00e9 dole. Zar\u00e1\u017e\u00ed mne sp\u00ed\u0161e slep\u00e1 glorifikace Kosteleck\u00e9ho fotbalu ze strany n\u011bkter\u00fdch zastupitel\u016f obce jak na zased\u00e1n\u00ed zastupitelstva, tak na str\u00e1nk\u00e1ch periodika Kostka.<\/p>\n<p style=\"text-align: justify;\">Na zastupitelstvu obce 7. b\u0159ezna 2019, v bod\u011b 6 schvalov\u00e1n\u00ed rozpo\u010dtu obce, v \u010d\u00e1sti v\u011bnovan\u00e9 p\u0159\u00edsp\u011bvk\u016fm spolk\u016f, jsem vyslovil n\u00e1zor (<a href=\"https:\/\/youtu.be\/SQ8EaULsWug\" target=\"_blank\">\u00fastn\u011b<\/a> a <a href=\"http:\/\/kostelecuholesova.eu\/wp-content\/uploads\/2019\/03\/N\u00e1mitky-zastupitele-P.-\u017d\u016frka-k-z\u00e1pisu-ze-ZO-\u010d.-3_2019.pdf\" target=\"_blank\">p\u00edsemn\u011b do z\u00e1pisu<\/a>) <span style=\"color: #0000ff;\"><em>&#8222;SK Moravan: tady v\u00fdsledky nejsou &#8211; z aktivn\u00edch sportovc\u016f je minimum ob\u010dan\u016f KuH a vis\u00ed velk\u00fd otazn\u00edk nad pokra\u010dov\u00e1n\u00edm fotbalov\u00fdch aktivit&#8220;<\/em><\/span><span style=\"color: #000000;\">.<\/span> Podobn\u011b v bod\u011b 5, kdy se schvaloval Pl\u00e1n rozvoje obce 2019-2022, jsem m\u011bl <a href=\"http:\/\/kostelecuholesova.eu\/wp-content\/uploads\/2019\/03\/Pozn\u00e1mky-zastupitele-P.-\u017d\u016frka-k-p\u0159edlo\u017een\u00e9mu-PRO_3Z-5-3.pdf\" target=\"_blank\">v\u00fdhrady<\/a> k pravdivosti a opr\u00e1vn\u011bnosti v\u011bty uveden\u00e9 v dokumentu: <span style=\"color: #ff0000;\"><em>&#8222;v sou\u010dasn\u00e9 dob\u011b je fotbalov\u00fd klub nej\u00fasp\u011b\u0161n\u011bj\u0161\u00ed v historii klubu&#8220;<\/em><\/span><span style=\"color: #000000;\">.\u00a0Sv\u00e9 tvrzen\u00ed jsem op\u00edral o ve\u0159ejn\u011b zn\u00e1m\u00e1 fakta &#8211; \u010dl\u00e1nek p\u0159edsedy T. Marka z periodika <a href=\"http:\/\/kostelecuholesova.eu\/wp-content\/uploads\/2017\/07\/Kostka-1804.pdf\" target=\"_blank\">Kostka 4\/2018<\/a>, nep\u0159\u00edtomnost tren\u00e9ra od podzimu 2018, kr\u00e1tk\u00e9 tr\u00e9ninky s \u0159\u00eddnouc\u00ed \u00fa\u010dast\u00ed hr\u00e1\u010d\u016f, odchod dom\u00e1c\u00edch hr\u00e1\u010d\u016f do p\u0159espoln\u00edch klub\u016f, odchod p\u0159espoln\u00edch hr\u00e1\u010d\u016f z Kosteleck\u00e9ho t\u00fdmu.<\/span><\/p>\n<p style=\"text-align: justify;\">Jako bych p\u00edchnul do vos\u00edho hn\u00edzda. Sesypali se na mne argumenty jak Kostele\u010dt\u00ed fotbalist\u00e9 hraj\u00ed nejvy\u0161\u0161\u00ed sout\u011b\u017e v historii klubu a jak je to skv\u011bl\u00fd v\u00fdsledek pro klub i obec.\u00a0 To bylo 7. b\u0159ezna 2019. \u017d\u00e1dn\u00fd n\u00e1znak pokory \u010di sebereflexe nad problematickou situac\u00ed klubu. Byl jenom c\u00edtit \u00fa\u010delov\u00fd tlak na odhlasov\u00e1n\u00ed (op\u011bt) nav\u00fd\u0161en\u00e9 dotace na provoz spolku.<\/p>\n<p style=\"text-align: justify;\">Kdy\u017e jsem si o 2,5 m\u011bs\u00edce pozd\u011bji, 28. kv\u011btna 2019, p\u0159e\u010detl <a href=\"http:\/\/kostelecuholesova.eu\/wp-content\/uploads\/2019\/05\/Krom\u011b\u0159\u00ed\u017esk\u00fd-den\u00edk_2_Kostelec.jpg\" target=\"_blank\">\u010dl\u00e1nek v Den\u00edku Krom\u011b\u0159\u00ed\u017eska<\/a>, nesta\u010dil jsem se divit. <em><span style=\"color: #ff0000;\">&#8222;\u0158e\u0161ili jsme to u\u017e v zim\u011b, kdy jsme netr\u00e9novali. Hrajeme bet tr\u00e9nink\u016f, byli jsme sm\u00ed\u0159eni s t\u00edm, \u017ee to tak bude vypadat.&#8220;<\/span><\/em>. V zim\u011b 2018\/2019 Kostele\u010dt\u00ed fotbalisti v\u011bd\u011bli, \u017ee jedou z kopce dol\u016f, a p\u0159esto v b\u0159eznu na zastupitelstvu tvrd\u00ed cosi o nej\u00fasp\u011b\u0161n\u011bj\u0161\u00edch \u010dasech klubu. Opravdu si auto\u0159i takov\u00e9 l\u017eiv\u00e9 blam\u00e1\u017ee mysl\u00ed, \u017ee poslucha\u010di jsou tup\u00e9 st\u00e1do co nedohl\u00e9dne za hranici obce? Opravdu si mysl\u00ed, \u017ee si lid\u00e9 nev\u0161imnou hodnot\u00edc\u00edch koment\u00e1\u0159\u016f <span style=\"color: #ff0000;\"><em>&#8222;Sestup u\u017e maj\u00ed jist\u00fd, nyn\u00ed v Kostelci u Hole\u0161ova hraj\u00ed o vlastn\u00ed existenci&#8220;<\/em><\/span>, nebo <span style=\"color: #ff0000;\"><i>&#8222;P\u0159esto v\u00fdprasky jsou stra\u0161ideln\u00e9. Na pomysln\u00e9 dno si s\u00e1hli ve Fry\u0161t\u00e1ku, odkud si odvezli v\u016fbec nejv\u011bt\u0161\u00ed v\u00fdprask 1:11, na chluben\u00ed nen\u00ed ani debakl v derby proti Hole\u0161ovu 0:7.&#8220;<\/i><span style=\"color: #000000;\"> ?<\/span><\/span><\/p>\n<p style=\"text-align: justify;\">Jak jsem n\u011bkolikr\u00e1t uv\u00e1d\u011bl, obec by m\u011bla aktivitami a dotacemi podn\u011bcovat volno\u010dasov\u00e9 aktivity d\u011bt\u00ed a ml\u00e1de\u017ee &#8211; <span style=\"text-decoration: underline;\">rovnom\u011brn\u011b pro ob\u011b pohlav\u00ed, rovnom\u011brn\u011b pro sportovn\u00ed a mimosportovn\u00ed vy\u017eit\u00ed<\/span>. SK Moravan z.s., a\u010dkoliv m\u00e1 nejv\u011bt\u0161\u00ed dotace od obce, neodchoval \u017e\u00e1dn\u00fd fotbalov\u00fd dorost a mu\u017esk\u00fd t\u00fdm doj\u00ed\u017ed\u00ed jen z podstaty a nostalgie historick\u00fdch aktivit. Nad\u011bjn\u011b vypad\u00e1 pr\u00e1ce s d\u011btmi, ale to si budeme muset je\u0161t\u011b p\u00e1r let po\u010dkat, zda nav\u00e1\u017e\u00ed na v\u00fdsledky Kostelce u Hole\u0161ova v krajsk\u00e9 sout\u011b\u017ei.<\/p>\n","protected":false},"excerpt":{"rendered":"<p>Titulek jsem si vyp\u016fj\u010dil z Den\u00edku Krom\u011b\u0159\u00ed\u017eska. O existenci nebojuje obec, ale fotbalov\u00fd klub SK Moravan z.s. &#8211; alespo\u0148 tak to vypl\u00fdv\u00e1 z \u010dl\u00e1nku Daniela Ostr\u010dil\u00edka. V \u00fater\u00fd 28.5.2019 vy\u0161el v Den\u00edku Krom\u011b\u0159\u00ed\u017eska pom\u011brn\u011b obs\u00e1hl\u00fd \u010dl\u00e1nek Daniela Ostr\u010dil\u00edka dopln\u011bn\u00fd o mnoh\u00e1 vyj\u00e1d\u0159en\u00ed a koment\u00e1\u0159e Du\u0161ana Marka, \u010dlena v\u00fdboru klubu. Nechci tady hodnotit sportovn\u00ed v\u00fdkony Kosteleck\u00fdch &hellip; <a href=\"https:\/\/kostelecuholesova.eu\/?p=6594\" class=\"more-link\">Pokra\u010dov\u00e1n\u00ed textu <span class=\"screen-reader-text\">Kostelec u Hole\u0161ova bojuje o svou existenci<\/span> <span class=\"meta-nav\">&rarr;<\/span><\/a><\/p>\n","protected":false},"author":1,"featured_media":0,"comment_status":"open","ping_status":"closed","sticky":false,"template":"","format":"standard","meta":{"_monsterinsights_skip_tracking":false,"_monsterinsights_sitenote_active":false,"_monsterinsights_sitenote_note":"","_monsterinsights_sitenote_category":0,"footnotes":""},"categories":[10,14],"tags":[],"class_list":["post-6594","post","type-post","status-publish","format-standard","hentry","category-dokumenty","category-nazory"],"_links":{"self":[{"href":"https:\/\/kostelecuholesova.eu\/index.php?rest_route=\/wp\/v2\/posts\/6594","targetHints":{"allow":["GET"]}}],"collection":[{"href":"https:\/\/kostelecuholesova.eu\/index.php?rest_route=\/wp\/v2\/posts"}],"about":[{"href":"https:\/\/kostelecuholesova.eu\/index.php?rest_route=\/wp\/v2\/types\/post"}],"author":[{"embeddable":true,"href":"https:\/\/kostelecuholesova.eu\/index.php?rest_route=\/wp\/v2\/users\/1"}],"replies":[{"embeddable":true,"href":"https:\/\/kostelecuholesova.eu\/index.php?rest_route=%2Fwp%2Fv2%2Fcomments&post=6594"}],"version-history":[{"count":13,"href":"https:\/\/kostelecuholesova.eu\/index.php?rest_route=\/wp\/v2\/posts\/6594\/revisions"}],"predecessor-version":[{"id":6650,"href":"https:\/\/kostelecuholesova.eu\/index.php?rest_route=\/wp\/v2\/posts\/6594\/revisions\/6650"}],"wp:attachment":[{"href":"https:\/\/kostelecuholesova.eu\/index.php?rest_route=%2Fwp%2Fv2%2Fmedia&parent=6594"}],"wp:term":[{"taxonomy":"category","embeddable":true,"href":"https:\/\/kostelecuholesova.eu\/index.php?rest_route=%2Fwp%2Fv2%2Fcategories&post=6594"},{"taxonomy":"post_tag","embeddable":true,"href":"https:\/\/kostelecuholesova.eu\/index.php?rest_route=%2Fwp%2Fv2%2Ftags&post=6594"}],"curies":[{"name":"wp","href":"https:\/\/api.w.org\/{rel}","templated":true}]}}