{"id":6383,"date":"2019-01-31T19:33:48","date_gmt":"2019-01-31T17:33:48","guid":{"rendered":"http:\/\/kostelecuholesova.eu\/?p=6383"},"modified":"2019-01-31T19:33:48","modified_gmt":"2019-01-31T17:33:48","slug":"kostka-418-nova-redakcni-rada-stare-praktiky","status":"publish","type":"post","link":"https:\/\/kostelecuholesova.eu\/?p=6383","title":{"rendered":"Kostka 4\/18: nov\u00e1 redak\u010dn\u00ed rada, star\u00e9 praktiky"},"content":{"rendered":"<p style=\"text-align: justify;\"><span style=\"color: #0000ff;\"><strong>Na konci roku 2018 vy\u0161lo periodikum KOSTKA &#8211; prvn\u00ed pod taktovkou nov\u011b zvolen\u00e9 redak\u010dn\u00ed rady. Tajn\u011b jsem doufal, \u017ee se nov\u00e1 redak\u010dn\u00ed rada pokus\u00ed navr\u00e1tit eleganci a kvalitu na\u0161\u00ed obecn\u00ed tiskoviny. Byl jsem p\u0159\u00edli\u0161 naivn\u00ed, doufal jsem marn\u011b.<br \/>\n<\/strong><\/span><\/p>\n<p style=\"text-align: justify;\">To co z\u0159ejm\u011b m\u011blo b\u00fdt reprezentativn\u00edm p\u0159edstaven\u00edm nov\u00fdch zastupitel\u016f, dopadlo sp\u00ed\u0161e jako <em>&#8222;p\u0159ehl\u00eddka z policejn\u00edho rejst\u0159\u00edku&#8220;<\/em>.<\/p>\n<p style=\"text-align: justify;\"><img loading=\"lazy\" decoding=\"async\" class=\"alignnone size-full wp-image-6385\" src=\"http:\/\/kostelecuholesova.eu\/wp-content\/uploads\/2019\/01\/Kostka-1804-2-e1548865992838.jpg\" alt=\"Kostka-1804 2\" width=\"1438\" height=\"1116\" srcset=\"https:\/\/kostelecuholesova.eu\/wp-content\/uploads\/2019\/01\/Kostka-1804-2-e1548865992838.jpg 1438w, https:\/\/kostelecuholesova.eu\/wp-content\/uploads\/2019\/01\/Kostka-1804-2-e1548865992838-300x232.jpg 300w, https:\/\/kostelecuholesova.eu\/wp-content\/uploads\/2019\/01\/Kostka-1804-2-e1548865992838-1024x794.jpg 1024w\" sizes=\"auto, (max-width: 1438px) 100vw, 1438px\" \/><\/p>\n<p style=\"text-align: justify;\">Fotit zastupitele z profilu, nadhledu \u010di podhledu pro \u00fa\u010del ofici\u00e1ln\u00edho p\u0159edstaven\u00ed ve\u0159ejnosti, se prost\u011b ned\u011bl\u00e1. To v\u00e1m \u0159ekne ka\u017ed\u00fd editor, fotograf nebo \u0161kolitel na kurzu fotografie. Nevhodn\u00fd \u00fahel z\u00e1b\u011bru je nav\u00edc bohu\u017eel podtr\u017een ned\u016fvodn\u011b vysok\u00fdm kontrastem a \u010dernob\u00edl\u00fdm zp\u016fsobem zpracov\u00e1n\u00ed. Takto ne\u0161\u0165astn\u011b byli p\u0159edstaveni t\u00e9m\u011b\u0159 v\u0161ichni zastupitel\u00e9, nap\u0159\u00ed\u010d v\u0161emi kand\u00e1tkami.<\/p>\n<p style=\"text-align: justify;\">Mo\u017en\u00e1 si polo\u017e\u00edte ot\u00e1zku, jak to m\u011bl fotograf \u0159e\u0161it? Pokud cht\u011bl fotograf do periodika Kostka stejn\u00fd styl, mohl zastupitele na konci zased\u00e1n\u00ed po\u017e\u00e1dat o p\u00e1r minut zdr\u017een\u00ed, ka\u017ed\u00e9ho si postavit p\u0159ed n\u011bjak\u00e9 pozad\u00ed (hol\u00e1 st\u011bna, st\u00e1tn\u00ed znak, dekorace na zdi, atd.) a vyfotit ho (\u010deln\u00ed pohled, vybrat z v\u00edce z\u00e1b\u011br\u016f ten spr\u00e1vn\u00fd). Pokud se ka\u017ed\u00fd zastupitel cht\u011bl prezentovat &#8222;vlastn\u00ed&#8220; fotografi\u00ed, mohla n\u00e1s redak\u010dn\u00ed rada vyzvat, a\u0165 si po\u0161leme sv\u016fj sn\u00edmek. Co\u017e se ostatn\u011b u p. Posp\u00ed\u0161il\u00edkov\u00e9 a obou p\u00e1n\u016f Hlobil\u016f stalo a realizovalo.<\/p>\n<p style=\"text-align: justify;\">Kostka 4\/2018 se na stran\u011b 11 v\u011bnuje v\u00edt\u00e1n\u00ed ob\u010d\u00e1nk\u016f, je\u017e doprov\u00e1z\u00ed fotografie. Del\u0161\u00ed dobu pozoruji, \u017ee zpracov\u00e1n\u00ed fotografi\u00ed je v\u011bnov\u00e1na \u010d\u00edm d\u00e1l t\u00edm men\u0161\u00ed pozornost. Tentokr\u00e1t mi p\u0159i\u0161lo a\u017e ur\u00e1\u017eliv\u00e9, v\u016f\u010di focen\u00fdm rodin\u00e1m s d\u011btmi, otisknout fotografie s tak velk\u00fdm barevn\u00fdm posunem. V\u0161e je zahaleno do \u017elutozelen\u00e9ho h\u00e1vu, se kter\u00fdm se fotograf v\u016fbec nezab\u00fdval. Ostuda je to proto, \u017ee fotografie v p\u0159\u00edsp\u011bvku jsou z d\u016fle\u017eit\u00e9 ud\u00e1losti pro rodinu a d\u00edt\u011b, ke kter\u00fdm se nejsp\u00ed\u0161 akt\u00e9\u0159i budou po letech vracet.<\/p>\n<figure id=\"attachment_6390\" aria-describedby=\"caption-attachment-6390\" style=\"width: 1560px\" class=\"wp-caption alignnone\"><a href=\"http:\/\/kostelecuholesova.eu\/wp-content\/uploads\/2019\/01\/obcanci.jpg\"><img loading=\"lazy\" decoding=\"async\" class=\"wp-image-6390 size-full\" src=\"http:\/\/kostelecuholesova.eu\/wp-content\/uploads\/2019\/01\/obcanci.jpg\" alt=\"obcanci\" width=\"1560\" height=\"792\" srcset=\"https:\/\/kostelecuholesova.eu\/wp-content\/uploads\/2019\/01\/obcanci.jpg 1560w, https:\/\/kostelecuholesova.eu\/wp-content\/uploads\/2019\/01\/obcanci-300x152.jpg 300w, https:\/\/kostelecuholesova.eu\/wp-content\/uploads\/2019\/01\/obcanci-1024x519.jpg 1024w\" sizes=\"auto, (max-width: 1560px) 100vw, 1560px\" \/><\/a><figcaption id=\"caption-attachment-6390\" class=\"wp-caption-text\">Kostka 4\/2018, p\u016fvodn\u00ed fotografie strana 11<\/figcaption><\/figure>\n<p style=\"text-align: justify;\">Nem\u00e1m samoz\u0159ejm\u011b origin\u00e1ln\u00ed fotografii, tak\u017ee jsem si musel pomoct publikovanou fotkou z periodika Kostka. Tam u\u017e samoz\u0159ejm\u011b do\u0161lo k degradaci r\u016fzn\u00fdmi kompresemi, ale pokusil jsem se alespo\u0148 nahrubo nazna\u010dit, jak by fotografie mohla vypadat.<\/p>\n<figure id=\"attachment_6391\" aria-describedby=\"caption-attachment-6391\" style=\"width: 1560px\" class=\"wp-caption alignnone\"><a href=\"http:\/\/kostelecuholesova.eu\/wp-content\/uploads\/2019\/01\/obcanci-upraveny.jpg\"><img loading=\"lazy\" decoding=\"async\" class=\"wp-image-6391 size-full\" src=\"http:\/\/kostelecuholesova.eu\/wp-content\/uploads\/2019\/01\/obcanci-upraveny.jpg\" alt=\"obcanci upraveny\" width=\"1560\" height=\"792\" srcset=\"https:\/\/kostelecuholesova.eu\/wp-content\/uploads\/2019\/01\/obcanci-upraveny.jpg 1560w, https:\/\/kostelecuholesova.eu\/wp-content\/uploads\/2019\/01\/obcanci-upraveny-300x152.jpg 300w, https:\/\/kostelecuholesova.eu\/wp-content\/uploads\/2019\/01\/obcanci-upraveny-1024x519.jpg 1024w\" sizes=\"auto, (max-width: 1560px) 100vw, 1560px\" \/><\/a><figcaption id=\"caption-attachment-6391\" class=\"wp-caption-text\">Kostka 4\/2018, upraven\u00e1 fotografie ze strany 11<\/figcaption><\/figure>\n<p style=\"text-align: justify;\">Kdy\u017e byla jmenovan\u00e1 nov\u00e1 redak\u010dn\u00ed rada, o\u010dek\u00e1val jsem zm\u011bnu. Byly tady historick\u00e9 v\u00fdtky k fungov\u00e1n\u00ed RR v minul\u00e9m volebn\u00edm obdob\u00ed, a bylo mo\u017en\u00e9 se s nimi vyrovnat. Nov\u00fdmi \u010dleny RR se z m\u00e9ho pohledu stali humanitn\u011b vzd\u011blan\u00ed lid\u00e9 ze vzd\u011bl\u00e1vac\u00edho syst\u00e9mu, kte\u0159\u00ed by mohli m\u00edt vztah a cit pro udr\u017eov\u00e1n\u00ed a zlep\u0161ov\u00e1n\u00ed \u00farovn\u011b periodika. Nev\u00edm, kde se stala chyba. Nen\u00ed mi z\u0159ejm\u00e9, pro\u010d redak\u010dn\u00ed rada rezignovala na svou kl\u00ed\u010dovou roli, kterou j\u00ed pov\u011b\u0159ilo zastupitelstvo <a href=\"http:\/\/kostelecuholesova.eu\/wp-content\/uploads\/2018\/05\/2-Pravidla-pro-vyd\u00e1v\u00e1n\u00ed-periodika-KOSTKA-posledn\u00ed-verze.pdf\" target=\"_blank\">(\u010dl. 5 bod 4)<\/a>: &#8222;&#8230; <strong>schvaluje grafickou \u00fapravu zpravodaje<\/strong> &#8230; <strong>zpracov\u00e1v\u00e1 p\u0159\u00edsp\u011bvky do kone\u010dn\u00e9 podoby pro tisk<\/strong> &#8230;&#8220;. M\u011bli na korekturu \u010d\u00edsla m\u00e1lo \u010dasu? Nem\u011bli odvahu se s problematick\u00fdmi m\u00edsty poprat? Maj\u00ed m\u00e1lo zku\u0161ennost\u00ed s pre-press \u010dinnost\u00ed a chyby jednodu\u0161e nevid\u011bli? V\u011b\u0159\u00edm tomu, \u017ee na nejbli\u017e\u0161\u00edm zastupitelstvu n\u00e1m to n\u011bkdo vysv\u011btl\u00ed. Mysl\u00edm, \u017ee si to zaslou\u017e\u00edme.<\/p>\n<p>&nbsp;<\/p>\n","protected":false},"excerpt":{"rendered":"<p>Na konci roku 2018 vy\u0161lo periodikum KOSTKA &#8211; prvn\u00ed pod taktovkou nov\u011b zvolen\u00e9 redak\u010dn\u00ed rady. Tajn\u011b jsem doufal, \u017ee se nov\u00e1 redak\u010dn\u00ed rada pokus\u00ed navr\u00e1tit eleganci a kvalitu na\u0161\u00ed obecn\u00ed tiskoviny. Byl jsem p\u0159\u00edli\u0161 naivn\u00ed, doufal jsem marn\u011b. To co z\u0159ejm\u011b m\u011blo b\u00fdt reprezentativn\u00edm p\u0159edstaven\u00edm nov\u00fdch zastupitel\u016f, dopadlo sp\u00ed\u0161e jako &#8222;p\u0159ehl\u00eddka z policejn\u00edho rejst\u0159\u00edku&#8220;. Fotit &hellip; <a href=\"https:\/\/kostelecuholesova.eu\/?p=6383\" class=\"more-link\">Pokra\u010dov\u00e1n\u00ed textu <span class=\"screen-reader-text\">Kostka 4\/18: nov\u00e1 redak\u010dn\u00ed rada, star\u00e9 praktiky<\/span> <span class=\"meta-nav\">&rarr;<\/span><\/a><\/p>\n","protected":false},"author":1,"featured_media":0,"comment_status":"closed","ping_status":"closed","sticky":false,"template":"","format":"standard","meta":{"_monsterinsights_skip_tracking":false,"_monsterinsights_sitenote_active":false,"_monsterinsights_sitenote_note":"","_monsterinsights_sitenote_category":0,"footnotes":""},"categories":[10,11],"tags":[],"class_list":["post-6383","post","type-post","status-publish","format-standard","hentry","category-dokumenty","category-komentare"],"_links":{"self":[{"href":"https:\/\/kostelecuholesova.eu\/index.php?rest_route=\/wp\/v2\/posts\/6383","targetHints":{"allow":["GET"]}}],"collection":[{"href":"https:\/\/kostelecuholesova.eu\/index.php?rest_route=\/wp\/v2\/posts"}],"about":[{"href":"https:\/\/kostelecuholesova.eu\/index.php?rest_route=\/wp\/v2\/types\/post"}],"author":[{"embeddable":true,"href":"https:\/\/kostelecuholesova.eu\/index.php?rest_route=\/wp\/v2\/users\/1"}],"replies":[{"embeddable":true,"href":"https:\/\/kostelecuholesova.eu\/index.php?rest_route=%2Fwp%2Fv2%2Fcomments&post=6383"}],"version-history":[{"count":7,"href":"https:\/\/kostelecuholesova.eu\/index.php?rest_route=\/wp\/v2\/posts\/6383\/revisions"}],"predecessor-version":[{"id":6394,"href":"https:\/\/kostelecuholesova.eu\/index.php?rest_route=\/wp\/v2\/posts\/6383\/revisions\/6394"}],"wp:attachment":[{"href":"https:\/\/kostelecuholesova.eu\/index.php?rest_route=%2Fwp%2Fv2%2Fmedia&parent=6383"}],"wp:term":[{"taxonomy":"category","embeddable":true,"href":"https:\/\/kostelecuholesova.eu\/index.php?rest_route=%2Fwp%2Fv2%2Fcategories&post=6383"},{"taxonomy":"post_tag","embeddable":true,"href":"https:\/\/kostelecuholesova.eu\/index.php?rest_route=%2Fwp%2Fv2%2Ftags&post=6383"}],"curies":[{"name":"wp","href":"https:\/\/api.w.org\/{rel}","templated":true}]}}