{"id":5578,"date":"2018-08-15T20:38:05","date_gmt":"2018-08-15T18:38:05","guid":{"rendered":"http:\/\/kostelecuholesova.eu\/?p=5578"},"modified":"2018-08-16T07:39:16","modified_gmt":"2018-08-16T05:39:16","slug":"rada-obce-lhala-a-vysmivala-se-373-petitentum","status":"publish","type":"post","link":"https:\/\/kostelecuholesova.eu\/?p=5578","title":{"rendered":"Rada obce lhala a vysm\u00edvala se 373 petitent\u016fm"},"content":{"rendered":"<p style=\"text-align: justify;\"><span style=\"color: #0000ff;\"><strong>Je to asi nejv\u011bt\u0161\u00ed podraz Rady obce ve volebn\u00edm obdob\u00ed 2014-2018. Neznalost problematiky, neschopnost se zorientovat, umanutost, papal\u00e1\u0161sk\u00e1 arogance moci a odm\u00edt\u00e1n\u00ed v\u00e9st konstruktivn\u00ed dialog vedly nakonec u mnoha slu\u0161n\u00fdch a zap\u00e1len\u00fdch spoluob\u010dan\u016f v obci k tomu, \u017ee aktivity pro z\u00e1jmov\u00fd a spolkov\u00fd \u017eivot v obci vzdali.<\/strong><\/span><\/p>\n<p style=\"text-align: justify;\"><strong>\u00davodem bych se cht\u011bl v\u0161em 373 petitent\u016fm omluvil za le\u017e<\/strong> obsa\u017eenou ve <a href=\"http:\/\/kostelecuholesova.eu\/wp-content\/uploads\/2018\/08\/12-RO-2015-7-bez-podpisu.pdf\" target=\"_blank\">Stanovisku<\/a> <strong>Rady obce<\/strong> na p\u0159edanou Petici &#8222;<span style=\"color: #0000ff;\"><strong>za zachov\u00e1n\u00ed provozu \u0161koln\u00ed j\u00eddelny sou\u010dasn\u00fdm z\u0159izovatelem<\/strong><\/span>&#8222;. J\u00e1 v\u00edm, moc to nepom\u016f\u017ee. Tou dobou jsem ani nebyl zastupitelem a na zased\u00e1n\u00ed jsem chodil jen jako div\u00e1k-pozorovatel bez mo\u017enosti jedn\u00e1n\u00ed v\u00fdznamn\u011b ovlivnit. Ale dnes jako zastupitel <strong>c\u00edt\u00edm spoluzodpov\u011bdnost za nespravedlnost, kterou n\u011bkte\u0159\u00ed kolegov\u00e9 zastupitel\u00e9 v\u016f\u010di V\u00e1m nap\u00e1chali. Styd\u00edm se za jejich jedn\u00e1n\u00ed, za \u00fa\u010delovou le\u017e, ve kter\u00e9 v\u00edce jak rok pokra\u010dovali. <\/strong>V dob\u011b pod\u00e1n\u00ed petice a odpov\u011bdi RO<strong>, byla \u0161koln\u00ed j\u00eddelna provozov\u00e1na Z\u0160, jej\u00edm\u017e z\u0159\u00edzovatelem je obec. Od 1.9.2015 <\/strong>j\u00eddelnu neprovozuje Z\u0160 a<strong> obec nen\u00ed z\u0159izovatelem \u017e\u00e1dn\u00e9ho subjektu provozuj\u00edc\u00ed j\u00eddelnu. <\/strong><\/p>\n<ul>\n<li><strong>21.5.2015<\/strong> byla petice p\u0159ed\u00e1na do rukou starosty Hlobila. Petice je adresov\u00e1na obci, veden\u00ed obce, rad\u011b obce a zastupitel\u016fm. Zastupitel\u00e9 nikdy petici neobdr\u017eeli, starosta Hlobil dvakr\u00e1t selhal &#8211; petice nebyla evidov\u00e1na ve spisov\u00e9 slu\u017eb\u011b a nebyla distribuov\u00e1na adres\u00e1t\u016fm, kter\u00fdm byla ur\u010dena (zastupitel\u00e9).<\/li>\n<\/ul>\n<ul>\n<li style=\"text-align: justify;\"><strong>16.6.2015<\/strong> vyd\u00e1v\u00e1 RO <a href=\"http:\/\/kostelecuholesova.eu\/wp-content\/uploads\/2018\/08\/12-RO-2015-7-bez-podpisu.pdf\" target=\"_blank\">stanovisko<\/a> &#8222;&#8230; <strong>\u0161koln\u00ed j\u00eddelna i nad\u00e1le z\u016fstane v majetku Obce Kostelec u Hole\u0161ova <span style=\"text-decoration: underline;\">pod sou\u010dasn\u00fdm z\u0159izovatelem<\/span><\/strong>&#8222;.<\/li>\n<\/ul>\n<p><a href=\"http:\/\/kostelecuholesova.eu\/wp-content\/uploads\/2018\/08\/12-RO-2015-7-bez-podpisu-HL_Page_1-e1533565567196.jpg\"><img loading=\"lazy\" decoding=\"async\" class=\"alignnone size-full wp-image-5581\" src=\"http:\/\/kostelecuholesova.eu\/wp-content\/uploads\/2018\/08\/12-RO-2015-7-bez-podpisu-HL_Page_1-e1533565567196.jpg\" alt=\"12 RO 2015 7 bez podpisu HL_Page_1\" width=\"3859\" height=\"508\" srcset=\"https:\/\/kostelecuholesova.eu\/wp-content\/uploads\/2018\/08\/12-RO-2015-7-bez-podpisu-HL_Page_1-e1533565567196.jpg 3859w, https:\/\/kostelecuholesova.eu\/wp-content\/uploads\/2018\/08\/12-RO-2015-7-bez-podpisu-HL_Page_1-e1533565567196-300x39.jpg 300w, https:\/\/kostelecuholesova.eu\/wp-content\/uploads\/2018\/08\/12-RO-2015-7-bez-podpisu-HL_Page_1-e1533565567196-1024x134.jpg 1024w\" sizes=\"auto, (max-width: 3859px) 100vw, 3859px\" \/><\/a><\/p>\n<ul>\n<li style=\"text-align: justify;\"><strong>23.6.2015<\/strong> <a href=\"http:\/\/kostelecuholesova.eu\/wp-content\/uploads\/2016\/02\/ZO-7.pdf\" target=\"_blank\">ZZO \u010d.7<\/a>. V bod\u011b 7 b) je schv\u00e1len (pro 8, proti 6) dodatek ke z\u0159izovac\u00ed listin\u011b Z\u0160: <strong>od 1.9.2015 organizace nevykon\u00e1v\u00e1 \u010dinnost \u0161koln\u00ed j\u00eddelny<\/strong>. Jin\u00fdmi slovy, to co RO napsala p\u0159ed t\u00fddnem je le\u017e. Do 31.8.2015 byla z\u0159izovatelem j\u00eddelny Z\u0160, od 1.9.2015 to je Scolarest (Eurest).<\/li>\n<\/ul>\n<p><a href=\"http:\/\/kostelecuholesova.eu\/wp-content\/uploads\/2018\/08\/ZO-7-4-HL-e1533565884887.jpg\"><img loading=\"lazy\" decoding=\"async\" class=\"alignnone size-full wp-image-5582\" src=\"http:\/\/kostelecuholesova.eu\/wp-content\/uploads\/2018\/08\/ZO-7-4-HL-e1533565884887.jpg\" alt=\"ZO 7 4 HL\" width=\"3982\" height=\"894\" srcset=\"https:\/\/kostelecuholesova.eu\/wp-content\/uploads\/2018\/08\/ZO-7-4-HL-e1533565884887.jpg 3982w, https:\/\/kostelecuholesova.eu\/wp-content\/uploads\/2018\/08\/ZO-7-4-HL-e1533565884887-300x67.jpg 300w, https:\/\/kostelecuholesova.eu\/wp-content\/uploads\/2018\/08\/ZO-7-4-HL-e1533565884887-1024x229.jpg 1024w\" sizes=\"auto, (max-width: 3982px) 100vw, 3982px\" \/><\/a><\/p>\n<ul>\n<li style=\"text-align: justify;\">Na n\u011bkolika zased\u00e1n\u00edch zastupitelstva opakovan\u011b vzn\u00e1\u0161\u00edme dotaz, kdo je z\u0159izovatelem \u0161koln\u00ed j\u00eddelny. Je evidentn\u00ed, \u017ee RO t\u00e1pe v rozd\u00edlech kdo je majitel, z\u0159izovatel a provozovatel. Diskuze je obvykle dlouh\u00e1, nic neobjas\u0148uje a obvykle kon\u010d\u00ed starostov\u00fdm &#8222;d\u011btem chutn\u00e1&#8220;.<\/li>\n<li style=\"text-align: justify;\"><strong>8.12.2016<\/strong> <a href=\"http:\/\/kostelecuholesova.eu\/wp-content\/uploads\/2016\/12\/zapis-zastupitelstvo-c.-17-8.-12.-2016.pdf\" target=\"_blank\">ZZO \u010d. 17<\/a>, bod diskuze. Zden\u011bk Balln\u00e9r zastupitel\u016fm vysv\u011btluje, kdy obec (Z\u0160) p\u0159estala b\u00fdt z\u0159izovatelem \u0161koln\u00ed j\u00eddelny a kdo je sou\u010dasn\u00fdm z\u0159izovatelem. J\u00e1 p\u0159edkl\u00e1d\u00e1m <a href=\"http:\/\/kostelecuholesova.eu\/wp-content\/uploads\/2018\/08\/kdo-je-zrizovatel-KU-Zlin-161121.pdf\" target=\"_blank\">dokument \u0161kolsk\u00e9ho \u00fa\u0159adu Zl\u00ednsk\u00e9ho kraje<\/a> co jsem si nechal vypracovat. Radek Posp\u00ed\u0161il\u00edk \u017e\u00e1d\u00e1 starostu o p\u00edsemnou odpov\u011b\u010f kdo je z\u0159izovatelem \u0161koln\u00ed j\u00eddelny.<\/li>\n<\/ul>\n<p><a href=\"http:\/\/kostelecuholesova.eu\/wp-content\/uploads\/2018\/08\/kdo-je-zrizovatel-KU-Zlin-161121-HL-e1533566208387.jpg\"><img loading=\"lazy\" decoding=\"async\" class=\"alignnone size-full wp-image-5584\" src=\"http:\/\/kostelecuholesova.eu\/wp-content\/uploads\/2018\/08\/kdo-je-zrizovatel-KU-Zlin-161121-HL-e1533566208387.jpg\" alt=\"kdo je zrizovatel KU Zlin 161121 HL\" width=\"3854\" height=\"2543\" srcset=\"https:\/\/kostelecuholesova.eu\/wp-content\/uploads\/2018\/08\/kdo-je-zrizovatel-KU-Zlin-161121-HL-e1533566208387.jpg 3854w, https:\/\/kostelecuholesova.eu\/wp-content\/uploads\/2018\/08\/kdo-je-zrizovatel-KU-Zlin-161121-HL-e1533566208387-300x197.jpg 300w, https:\/\/kostelecuholesova.eu\/wp-content\/uploads\/2018\/08\/kdo-je-zrizovatel-KU-Zlin-161121-HL-e1533566208387-1024x675.jpg 1024w\" sizes=\"auto, (max-width: 3854px) 100vw, 3854px\" \/><\/a><\/p>\n<ul>\n<li><strong>28.2.2017<\/strong> <a href=\"http:\/\/kostelecuholesova.eu\/wp-content\/uploads\/2017\/03\/zapis-zastupitelstvo-c.-18-28.-2.-2017-170307.pdf\" target=\"_blank\">ZZO \u010d. 18<\/a>, bod diskuze.<\/li>\n<\/ul>\n<p style=\"text-align: justify;\"><a href=\"http:\/\/kostelecuholesova.eu\/wp-content\/uploads\/2018\/08\/14-ZO-18-Diskuze-Hlobil.jpg\"><img loading=\"lazy\" decoding=\"async\" class=\"alignnone size-full wp-image-5663\" src=\"http:\/\/kostelecuholesova.eu\/wp-content\/uploads\/2018\/08\/14-ZO-18-Diskuze-Hlobil.jpg\" alt=\"14-ZO-18 Diskuze Hlobil\" width=\"1920\" height=\"1080\" srcset=\"https:\/\/kostelecuholesova.eu\/wp-content\/uploads\/2018\/08\/14-ZO-18-Diskuze-Hlobil.jpg 1920w, https:\/\/kostelecuholesova.eu\/wp-content\/uploads\/2018\/08\/14-ZO-18-Diskuze-Hlobil-300x168.jpg 300w, https:\/\/kostelecuholesova.eu\/wp-content\/uploads\/2018\/08\/14-ZO-18-Diskuze-Hlobil-1024x576.jpg 1024w\" sizes=\"auto, (max-width: 1920px) 100vw, 1920px\" \/><\/a><\/p>\n<p style=\"text-align: justify;\"><em>starosta Hlobil:\u00a0<\/em><span style=\"color: #0000ff;\"><strong>Ale po\u0159\u00e1d Obec z\u0159izuje \u0161kolu, ale u\u017e bez \u0161koln\u00edho stravov\u00e1n\u00ed.<\/strong><\/span><\/p>\n","protected":false},"excerpt":{"rendered":"<p>Je to asi nejv\u011bt\u0161\u00ed podraz Rady obce ve volebn\u00edm obdob\u00ed 2014-2018. Neznalost problematiky, neschopnost se zorientovat, umanutost, papal\u00e1\u0161sk\u00e1 arogance moci a odm\u00edt\u00e1n\u00ed v\u00e9st konstruktivn\u00ed dialog vedly nakonec u mnoha slu\u0161n\u00fdch a zap\u00e1len\u00fdch spoluob\u010dan\u016f v obci k tomu, \u017ee aktivity pro z\u00e1jmov\u00fd a spolkov\u00fd \u017eivot v obci vzdali. \u00davodem bych se cht\u011bl v\u0161em 373 petitent\u016fm omluvil &hellip; <a href=\"https:\/\/kostelecuholesova.eu\/?p=5578\" class=\"more-link\">Pokra\u010dov\u00e1n\u00ed textu <span class=\"screen-reader-text\">Rada obce lhala a vysm\u00edvala se 373 petitent\u016fm<\/span> <span class=\"meta-nav\">&rarr;<\/span><\/a><\/p>\n","protected":false},"author":1,"featured_media":0,"comment_status":"open","ping_status":"closed","sticky":false,"template":"","format":"standard","meta":{"_monsterinsights_skip_tracking":false,"_monsterinsights_sitenote_active":false,"_monsterinsights_sitenote_note":"","_monsterinsights_sitenote_category":0,"footnotes":""},"categories":[10,11],"tags":[],"class_list":["post-5578","post","type-post","status-publish","format-standard","hentry","category-dokumenty","category-komentare"],"_links":{"self":[{"href":"https:\/\/kostelecuholesova.eu\/index.php?rest_route=\/wp\/v2\/posts\/5578","targetHints":{"allow":["GET"]}}],"collection":[{"href":"https:\/\/kostelecuholesova.eu\/index.php?rest_route=\/wp\/v2\/posts"}],"about":[{"href":"https:\/\/kostelecuholesova.eu\/index.php?rest_route=\/wp\/v2\/types\/post"}],"author":[{"embeddable":true,"href":"https:\/\/kostelecuholesova.eu\/index.php?rest_route=\/wp\/v2\/users\/1"}],"replies":[{"embeddable":true,"href":"https:\/\/kostelecuholesova.eu\/index.php?rest_route=%2Fwp%2Fv2%2Fcomments&post=5578"}],"version-history":[{"count":9,"href":"https:\/\/kostelecuholesova.eu\/index.php?rest_route=\/wp\/v2\/posts\/5578\/revisions"}],"predecessor-version":[{"id":5665,"href":"https:\/\/kostelecuholesova.eu\/index.php?rest_route=\/wp\/v2\/posts\/5578\/revisions\/5665"}],"wp:attachment":[{"href":"https:\/\/kostelecuholesova.eu\/index.php?rest_route=%2Fwp%2Fv2%2Fmedia&parent=5578"}],"wp:term":[{"taxonomy":"category","embeddable":true,"href":"https:\/\/kostelecuholesova.eu\/index.php?rest_route=%2Fwp%2Fv2%2Fcategories&post=5578"},{"taxonomy":"post_tag","embeddable":true,"href":"https:\/\/kostelecuholesova.eu\/index.php?rest_route=%2Fwp%2Fv2%2Ftags&post=5578"}],"curies":[{"name":"wp","href":"https:\/\/api.w.org\/{rel}","templated":true}]}}