{"id":5445,"date":"2018-06-06T13:58:18","date_gmt":"2018-06-06T11:58:18","guid":{"rendered":"http:\/\/kostelecuholesova.eu\/?p=5445"},"modified":"2018-06-12T12:29:44","modified_gmt":"2018-06-12T10:29:44","slug":"z-redakcni-rady-se-stala-nerizena-strela","status":"publish","type":"post","link":"https:\/\/kostelecuholesova.eu\/?p=5445","title":{"rendered":"Z redak\u010dn\u00ed rady se stala (ne)\u0159\u00edzen\u00e1 st\u0159ela"},"content":{"rendered":"<p style=\"text-align: justify;\"><span style=\"color: #0000ff;\"><strong>Redak\u010dn\u00ed rada periodika KOSTKA p\u0159ekra\u010duje sv\u00e9 pravomoce. Cenzuruje, kr\u00e1t\u00ed \u010di pozm\u011b\u0148uje texty p\u0159\u00edsp\u011bvk\u016f. Rozhoduje o neoti\u0161t\u011bn\u00ed p\u0159\u00edsp\u011bvk\u016f. Komentuje obsahy p\u0159\u00edsp\u011bvk\u016f a vyd\u00e1v\u00e1 prohl\u00e1\u0161en\u00ed jm\u00e9nem vydavatele. Redak\u010dn\u00ed rada nen\u00ed od zastupitelstva vybavena \u017e\u00e1dnou takovou pravomoc\u00ed. St\u00e1v\u00e1 se (ne)\u0159\u00edzenou st\u0159elou proti nepohodln\u00fdm n\u00e1zor\u016fm.<\/strong><\/span><\/p>\n<p style=\"text-align: justify;\"><span style=\"color: #000000;\">Za\u010dalo to nen\u00e1padn\u011b, kdy\u017e jsem se na zastupitelstvu zeptal, kdo a pro\u010d napsal do tir\u00e1\u017ee periodika KOSTKA limit na 2.500 \u00fahoz\u016f na p\u0159\u00edsp\u011bvek. Nam\u00edsto odpov\u011bdi se mi dostalo ur\u00e1\u017eek, \u017ee prahnu po cenzu\u0159e. Ofici\u00e1ln\u011b jsem se <a href=\"http:\/\/kostelecuholesova.eu\/wp-content\/uploads\/2018\/05\/zadost-o-poskytnuti-dokumentu-180514.pdf\" target=\"_blank\">14.5.2018 zeptal<\/a> statut\u00e1rn\u00edho z\u00e1stupce vydavatele, kdo je v redak\u010dn\u00ed rad\u011b a jak\u00e9 m\u00e1 kdo pravomoce. <\/span>Dokumenty z komunikace s obc\u00ed si m\u016f\u017eete p\u0159e\u010d\u00edst <a href=\"http:\/\/kostelecuholesova.eu\/?page_id=5297\" target=\"_blank\">zde<\/a>. Hlavn\u00ed informace bych shrnul n\u00e1sledovn\u011b.<\/p>\n<h3>Kdo je \u010dlenem redak\u010dn\u00ed rady KOSTKA<\/h3>\n<p>Z <a href=\"http:\/\/kostelecuholesova.eu\/wp-content\/uploads\/2018\/05\/1-KOSTKA-redak\u010dn\u00ed-rada-pr\u016fvodn\u00ed-dopis.pdf\" target=\"_blank\">poskytnut\u00fdch informac\u00ed<\/a> redak\u010dn\u00ed radu tvo\u0159\u00ed:<\/p>\n<ul>\n<li>\u0160\u00e1rka Andrl\u00edkov\u00e1 &#8211; v\u00fdkonn\u00fd redaktor<\/li>\n<li>RNDr. Marcela Posp\u00ed\u0161il\u00edkov\u00e1 &#8211; z\u00e1stupce Rady obce<\/li>\n<li>Mgr. Michaela Mike\u0161kov\u00e1 &#8211; z\u00e1stupce kulturn\u00ed komise<\/li>\n<\/ul>\n<p><a href=\"http:\/\/kostelecuholesova.eu\/wp-content\/uploads\/2018\/06\/3-V\u00fd\u0148atek-z\u00e1pisu-ZO_Page_2-e1528210260294.jpg\"><img loading=\"lazy\" decoding=\"async\" class=\"alignnone size-large wp-image-5451\" src=\"http:\/\/kostelecuholesova.eu\/wp-content\/uploads\/2018\/06\/3-V\u00fd\u0148atek-z\u00e1pisu-ZO_Page_2-e1528210260294-1024x273.jpg\" alt=\"3 V\u00fd\u0148atek z\u00e1pisu ZO_Page_2\" width=\"474\" height=\"126\" srcset=\"https:\/\/kostelecuholesova.eu\/wp-content\/uploads\/2018\/06\/3-V\u00fd\u0148atek-z\u00e1pisu-ZO_Page_2-e1528210260294-1024x273.jpg 1024w, https:\/\/kostelecuholesova.eu\/wp-content\/uploads\/2018\/06\/3-V\u00fd\u0148atek-z\u00e1pisu-ZO_Page_2-e1528210260294-300x80.jpg 300w, https:\/\/kostelecuholesova.eu\/wp-content\/uploads\/2018\/06\/3-V\u00fd\u0148atek-z\u00e1pisu-ZO_Page_2-e1528210260294.jpg 1333w\" sizes=\"auto, (max-width: 474px) 100vw, 474px\" \/><\/a><\/p>\n<p style=\"text-align: justify;\">D\u00e1le z <a href=\"http:\/\/kostelecuholesova.eu\/wp-content\/uploads\/2018\/05\/1-KOSTKA-redak\u010dn\u00ed-rada-pr\u016fvodn\u00ed-dopis.pdf\" target=\"_blank\">poskytnut\u00fdch informac\u00ed<\/a> vypl\u00fdv\u00e1, \u017ee <strong>\u017e\u00e1dn\u00fd z \u010dlen\u016f redak\u010dn\u00ed rady nem\u00e1 pravomoc jednat samostatn\u011b za zb\u00fdvaj\u00edc\u00ed \u010dleny redak\u010dn\u00ed rady<\/strong>.<\/p>\n<p style=\"text-align: justify;\"><a href=\"http:\/\/kostelecuholesova.eu\/wp-content\/uploads\/2018\/06\/1-KOSTKA-redak\u010dn\u00ed-rada-pr\u016fvodn\u00ed-dopis_Page_1-e1528266322420.jpg\"><img loading=\"lazy\" decoding=\"async\" class=\"alignnone size-large wp-image-5453\" src=\"http:\/\/kostelecuholesova.eu\/wp-content\/uploads\/2018\/06\/1-KOSTKA-redak\u010dn\u00ed-rada-pr\u016fvodn\u00ed-dopis_Page_1-e1528266322420-1024x70.jpg\" alt=\"1 KOSTKA - redak\u010dn\u00ed rada - pr\u016fvodn\u00ed dopis_Page_1\" width=\"474\" height=\"32\" srcset=\"https:\/\/kostelecuholesova.eu\/wp-content\/uploads\/2018\/06\/1-KOSTKA-redak\u010dn\u00ed-rada-pr\u016fvodn\u00ed-dopis_Page_1-e1528266322420-1024x70.jpg 1024w, https:\/\/kostelecuholesova.eu\/wp-content\/uploads\/2018\/06\/1-KOSTKA-redak\u010dn\u00ed-rada-pr\u016fvodn\u00ed-dopis_Page_1-e1528266322420-300x20.jpg 300w, https:\/\/kostelecuholesova.eu\/wp-content\/uploads\/2018\/06\/1-KOSTKA-redak\u010dn\u00ed-rada-pr\u016fvodn\u00ed-dopis_Page_1-e1528266322420.jpg 1102w\" sizes=\"auto, (max-width: 474px) 100vw, 474px\" \/><\/a><\/p>\n<h3 style=\"text-align: justify;\">Pravomoce redak\u010dn\u00ed rady<\/h3>\n<p style=\"text-align: justify;\">V poskytnut\u00e9m dokumentu <a href=\"http:\/\/kostelecuholesova.eu\/wp-content\/uploads\/2018\/05\/2-Pravidla-pro-vyd\u00e1v\u00e1n\u00ed-periodika-KOSTKA-posledn\u00ed-verze.pdf\" target=\"_blank\">Pravidla pro vyd\u00e1v\u00e1n\u00ed periodika KOSTKA posledn\u00ed verze <\/a>jsou na stran\u011b 2 v \u010cl. 5 bod 4 p\u0159ehledn\u011b a jednozna\u010dn\u011b pops\u00e1ny pravomoce a \u00fakoly redak\u010dn\u00ed rady.<\/p>\n<p style=\"text-align: justify;\">a) zaji\u0161\u0165uje vyd\u00e1v\u00e1n\u00ed zpravodaje<br \/>\nb) schvaluje tematick\u00fd obsah a grafickou \u00fapravu zpravodaje<br \/>\nc) <strong><span style=\"color: #ff0000;\">odpov\u00edd\u00e1 za shodu zve\u0159ejn\u011bn\u00fdch p\u0159\u00edsp\u011bvk\u016f s jejich p\u0159edlohami<\/span><\/strong><br \/>\nd) zpracov\u00e1v\u00e1 p\u0159\u00edsp\u011bvky do kone\u010dn\u00e9 podoby pro tisk<br \/>\ne) <strong><span style=\"color: #ff0000;\">projedn\u00e1v\u00e1 s radou obce konkr\u00e9tn\u00ed p\u0159\u00edsp\u011bvky navr\u017een\u00e9 k nezve\u0159ejn\u011bn\u00ed<\/span><\/strong><br \/>\nf) <strong><span style=\"color: #ff0000;\">projedn\u00e1v\u00e1 s radou obce st\u00ed\u017enosti, podn\u011bty a n\u00e1vrhy, kter\u00e9 se t\u00fdkaj\u00ed obsahu a grafick\u00e9 \u00fapravy zpravodaje<\/span><\/strong><br \/>\ng) stanovuje term\u00edny pro zasl\u00e1n\u00ed p\u0159\u00edsp\u011bvk\u016f do zpravodaje<\/p>\n<p><a href=\"http:\/\/kostelecuholesova.eu\/wp-content\/uploads\/2018\/06\/2-Pravidla-pro-vyd\u00e1v\u00e1n\u00ed-periodika-KOSTKA-posledn\u00ed-verze_Page_2-e1528266597674.jpg\"><img loading=\"lazy\" decoding=\"async\" class=\"alignnone size-large wp-image-5455\" src=\"http:\/\/kostelecuholesova.eu\/wp-content\/uploads\/2018\/06\/2-Pravidla-pro-vyd\u00e1v\u00e1n\u00ed-periodika-KOSTKA-posledn\u00ed-verze_Page_2-e1528266597674-1024x290.jpg\" alt=\"2 Pravidla pro vyd\u00e1v\u00e1n\u00ed periodika KOSTKA posledn\u00ed verze_Page_2\" width=\"474\" height=\"134\" srcset=\"https:\/\/kostelecuholesova.eu\/wp-content\/uploads\/2018\/06\/2-Pravidla-pro-vyd\u00e1v\u00e1n\u00ed-periodika-KOSTKA-posledn\u00ed-verze_Page_2-e1528266597674-1024x290.jpg 1024w, https:\/\/kostelecuholesova.eu\/wp-content\/uploads\/2018\/06\/2-Pravidla-pro-vyd\u00e1v\u00e1n\u00ed-periodika-KOSTKA-posledn\u00ed-verze_Page_2-e1528266597674-300x84.jpg 300w, https:\/\/kostelecuholesova.eu\/wp-content\/uploads\/2018\/06\/2-Pravidla-pro-vyd\u00e1v\u00e1n\u00ed-periodika-KOSTKA-posledn\u00ed-verze_Page_2-e1528266597674.jpg 1264w\" sizes=\"auto, (max-width: 474px) 100vw, 474px\" \/><\/a><\/p>\n<h3>Shrnut\u00ed<\/h3>\n<ol>\n<li style=\"text-align: justify;\">Vydavatelem periodika KOSTKA je obec Kostelec u Hole\u0161ova, viz. z\u00e1kon 46\/2000 Sb. \u00a73 p\u00edsm. g)<\/li>\n<li style=\"text-align: justify;\">Za obsah periodick\u00e9ho tisku odpov\u00edd\u00e1 vydavatel, tedy obec Kostelec u Hole\u0161ova, viz. z\u00e1kon 46\/2000 Sb. \u00a74<\/li>\n<li>Nejvy\u0161\u0161\u00edm org\u00e1nem obce je zastupitelstvo obce, viz z\u00e1kon 128\/2000 Sb. \u00a75 odst. 1<\/li>\n<li style=\"text-align: justify;\">Usnesen\u00edm \u010d. 13\/19 ze dne 24.6.2014, kter\u00fdm byla schv\u00e1lena Pravidla pro vyd\u00e1v\u00e1n\u00ed zpravodaje KOSTKA, si zastupitelstvo obce vyhradilo pravomoc ur\u010dovat pravidla a pravomoc redak\u010dn\u00ed rady. Jin\u00fdmi slovy pouze zastupitelstvo m\u016f\u017ee zm\u011bnit existuj\u00edc\u00ed pravomoce redak\u010dn\u00ed rady.<\/li>\n<li style=\"text-align: justify;\">Redak\u010dn\u00ed rada je zodpov\u011bdn\u00e1 za shodu zve\u0159ejn\u011bn\u00e9ho p\u0159\u00edsp\u011bvku s p\u0159edlohou. K jak\u00e9mukoliv z\u00e1sahu do p\u0159\u00edsp\u011bvku (zkr\u00e1tit, zm\u011bnit text \u010di smysl) nem\u00e1 \u017e\u00e1dnou pravomoc od zastupitelstva.<\/li>\n<li style=\"text-align: justify;\">Redak\u010dn\u00ed rada nem\u00e1 \u017e\u00e1dnou pravomoc od zastupitelstva, aby sama p\u0159\u00edsp\u011bvek odm\u00edtla zve\u0159ejnit. N\u00e1vrh na odm\u00edtnut\u00ed zve\u0159ejn\u011bn\u00ed p\u0159\u00edsp\u011bvku mus\u00ed projednat s Radou obce a ta ve v\u011bci mus\u00ed v z\u00e1pise z jedn\u00e1n\u00ed RO uv\u00e9st usnesen\u00ed.<\/li>\n<li style=\"text-align: justify;\">Redak\u010dn\u00ed rada nem\u00e1 \u017e\u00e1dnou pravomoc od zastupitelstva, aby vyd\u00e1vala stanoviska \u010di prohl\u00e1\u0161en\u00ed jm\u00e9nem redak\u010dn\u00ed rady, periodika KOSTKA \u010di jm\u00e9nem vydavatele. Tuto pravomoc nem\u00e1 ani \u017e\u00e1dn\u00fd \u010dlen redak\u010dn\u00ed rady.<\/li>\n<li style=\"text-align: justify;\">Redak\u010dn\u00ed rada nem\u00e1 \u017e\u00e1dnou pravomoc ps\u00e1t do periodika KOSTKA koment\u00e1\u0159e ke zve\u0159ejn\u011bn\u00fdm \u010di odm\u00edtnut\u00fdm p\u0159\u00edsp\u011bvk\u016fm, a\u0165 u\u017e jm\u00e9nem redak\u010dn\u00ed rady \u010di jm\u00e9nem jejich jednotliv\u00fdch \u010dlen\u016f. Takov\u00fd text m\u016f\u017ee napsat maxim\u00e1ln\u011b jako soukrom\u00e1 osoba, a to dle Pravidel pro vyd\u00e1v\u00e1n\u00ed periodika KOSTKA.<\/li>\n<\/ol>\n<p>Porovnal jsem si v\u00fd\u0161e uveden\u00e1 fakta s texty na <a href=\"http:\/\/kostelecuholesova.eu\/wp-content\/uploads\/2018\/06\/Kostka-1703-strana-6.pdf\" target=\"_blank\">stran\u011b 6 \u010d. 3\/2017<\/a> a na <a href=\"http:\/\/kostelecuholesova.eu\/wp-content\/uploads\/2018\/06\/Kostka-1704-strana-5.pdf\" target=\"_blank\">stran\u011b 5 \u010d. 4\/2017<\/a> periodika KOSTKA a do\u0161el jsem ke smutn\u00e9mu z\u00e1v\u011bru.<\/p>\n<h3>Z\u00e1v\u011br<\/h3>\n<p style=\"text-align: justify;\">Reda\u010dn\u00ed rada obecn\u00edho periodika KOSTKA obce Kostelec u Hole\u0161ova se stala (ne)\u0159\u00edzenou st\u0159elou. Zcela evidentn\u011b p\u0159ekra\u010duje svoje pravomoce. Jej\u00ed kon\u00e1n\u00ed se vymklo kontrole zastupitelstva obce, kter\u00e9 Redak\u010dn\u00ed radu z\u0159izuje. Zastupitestvo nem\u00e1 v\u016fli ani ochotu se zneu\u017e\u00edv\u00e1n\u00edm pravomoc\u00ed Redak\u010dn\u00ed rady n\u011bco d\u011blat. Nab\u00edz\u00ed se ot\u00e1zka, zda pasivita zastupitelstva nen\u00ed z\u00e1m\u011br, nebo jen prost\u00e1 neschopnost probl\u00e9m \u0159e\u0161it.<\/p>\n<p style=\"text-align: justify;\">Z informac\u00ed co m\u00e1m k dispozici nedok\u00e1\u017ei rozpoznat, zda p\u0159ekra\u010dov\u00e1n\u00ed pravomoc\u00ed Redak\u010dn\u00ed radou je unisono aktivita v\u0161ech 3 jej\u00edch \u010dlen\u016f, nebo s\u00f3lo akce jen n\u011bkter\u00fdch z nich. Na to si dozajista v souladu se sv\u00fdm sv\u011bdom\u00edm odpov\u00ed ka\u017ed\u00fd z jej\u00edch \u010dlen\u016f.<\/p>\n","protected":false},"excerpt":{"rendered":"<p>Redak\u010dn\u00ed rada periodika KOSTKA p\u0159ekra\u010duje sv\u00e9 pravomoce. Cenzuruje, kr\u00e1t\u00ed \u010di pozm\u011b\u0148uje texty p\u0159\u00edsp\u011bvk\u016f. Rozhoduje o neoti\u0161t\u011bn\u00ed p\u0159\u00edsp\u011bvk\u016f. Komentuje obsahy p\u0159\u00edsp\u011bvk\u016f a vyd\u00e1v\u00e1 prohl\u00e1\u0161en\u00ed jm\u00e9nem vydavatele. Redak\u010dn\u00ed rada nen\u00ed od zastupitelstva vybavena \u017e\u00e1dnou takovou pravomoc\u00ed. St\u00e1v\u00e1 se (ne)\u0159\u00edzenou st\u0159elou proti nepohodln\u00fdm n\u00e1zor\u016fm. Za\u010dalo to nen\u00e1padn\u011b, kdy\u017e jsem se na zastupitelstvu zeptal, kdo a pro\u010d napsal do &hellip; <a href=\"https:\/\/kostelecuholesova.eu\/?p=5445\" class=\"more-link\">Pokra\u010dov\u00e1n\u00ed textu <span class=\"screen-reader-text\">Z redak\u010dn\u00ed rady se stala (ne)\u0159\u00edzen\u00e1 st\u0159ela<\/span> <span class=\"meta-nav\">&rarr;<\/span><\/a><\/p>\n","protected":false},"author":1,"featured_media":0,"comment_status":"open","ping_status":"closed","sticky":false,"template":"","format":"standard","meta":{"_monsterinsights_skip_tracking":false,"_monsterinsights_sitenote_active":false,"_monsterinsights_sitenote_note":"","_monsterinsights_sitenote_category":0,"footnotes":""},"categories":[10,14],"tags":[],"class_list":["post-5445","post","type-post","status-publish","format-standard","hentry","category-dokumenty","category-nazory"],"_links":{"self":[{"href":"https:\/\/kostelecuholesova.eu\/index.php?rest_route=\/wp\/v2\/posts\/5445","targetHints":{"allow":["GET"]}}],"collection":[{"href":"https:\/\/kostelecuholesova.eu\/index.php?rest_route=\/wp\/v2\/posts"}],"about":[{"href":"https:\/\/kostelecuholesova.eu\/index.php?rest_route=\/wp\/v2\/types\/post"}],"author":[{"embeddable":true,"href":"https:\/\/kostelecuholesova.eu\/index.php?rest_route=\/wp\/v2\/users\/1"}],"replies":[{"embeddable":true,"href":"https:\/\/kostelecuholesova.eu\/index.php?rest_route=%2Fwp%2Fv2%2Fcomments&post=5445"}],"version-history":[{"count":11,"href":"https:\/\/kostelecuholesova.eu\/index.php?rest_route=\/wp\/v2\/posts\/5445\/revisions"}],"predecessor-version":[{"id":5467,"href":"https:\/\/kostelecuholesova.eu\/index.php?rest_route=\/wp\/v2\/posts\/5445\/revisions\/5467"}],"wp:attachment":[{"href":"https:\/\/kostelecuholesova.eu\/index.php?rest_route=%2Fwp%2Fv2%2Fmedia&parent=5445"}],"wp:term":[{"taxonomy":"category","embeddable":true,"href":"https:\/\/kostelecuholesova.eu\/index.php?rest_route=%2Fwp%2Fv2%2Fcategories&post=5445"},{"taxonomy":"post_tag","embeddable":true,"href":"https:\/\/kostelecuholesova.eu\/index.php?rest_route=%2Fwp%2Fv2%2Ftags&post=5445"}],"curies":[{"name":"wp","href":"https:\/\/api.w.org\/{rel}","templated":true}]}}