{"id":2368,"date":"2016-11-23T20:54:46","date_gmt":"2016-11-23T18:54:46","guid":{"rendered":"http:\/\/kostelecuholesova.eu\/?p=2368"},"modified":"2016-11-23T20:55:33","modified_gmt":"2016-11-23T18:55:33","slug":"rozsviceni-vanocniho-stromku","status":"publish","type":"post","link":"https:\/\/kostelecuholesova.eu\/?p=2368","title":{"rendered":"Rozsv\u00edcen\u00ed v\u00e1no\u010dn\u00edho stromku"},"content":{"rendered":"<p style=\"text-align: justify;\"><span style=\"color: #0000ff;\"><strong>V ned\u011bli 27.11.2016 v 17 hodin se na n\u00e1vsi, jako ka\u017edoro\u010dn\u011b, sejdeme u rozsv\u00edcen\u00ed v\u00e1no\u010dn\u00edho stromku.<\/strong><\/span><\/p>\n<p><a href=\"http:\/\/kostelecuholesova.eu\/wp-content\/uploads\/2016\/11\/IMG_11130-e1479926628677.jpg\"><img loading=\"lazy\" decoding=\"async\" class=\"alignnone size-large wp-image-2369\" src=\"http:\/\/kostelecuholesova.eu\/wp-content\/uploads\/2016\/11\/IMG_11130-e1479926628677-1024x1003.jpg\" alt=\"img_11130\" width=\"474\" height=\"464\" srcset=\"https:\/\/kostelecuholesova.eu\/wp-content\/uploads\/2016\/11\/IMG_11130-e1479926628677-1024x1003.jpg 1024w, https:\/\/kostelecuholesova.eu\/wp-content\/uploads\/2016\/11\/IMG_11130-e1479926628677-300x293.jpg 300w\" sizes=\"auto, (max-width: 474px) 100vw, 474px\" \/><\/a><\/p>\n<p>Jako ka\u017edoro\u010dn\u011b n\u00e1m muzikanti zahraj\u00ed a zp\u011bv\u00e1ci zazp\u00edvaj\u00ed a my se k nim t\u0159eba i p\u0159id\u00e1me. Zima by nem\u011bla b\u00fdt tak velik\u00e1 jako loni, ale sva\u0159\u00e1\u010dek \u010di n\u011bco k zakousnut\u00ed k akci pat\u0159\u00ed a ur\u010dit\u011b p\u0159ijde vhod. Akci secvi\u010duj\u00ed a organizuj\u00ed aktivn\u00ed lid\u00e9 ze spolk\u016f jako Kostel\u00e1\u0148, Z\u0160 a dal\u0161\u00ed (omlouv\u00e1m se, jestli jsem n\u011bkoho vynechal).<\/p>\n<p>To\u0161 p\u0159indite a pot\u011b\u0161te se atmosf\u00e9rou za\u010d\u00ednaj\u00edc\u00edho Adventu.<\/p>\n<hr \/>\n<p>Fotka nen\u00ed z leto\u0161n\u00edho rozsv\u011bcen\u00ed. Je to z roku 2011, kdy jsme z lesa dovezli strom a usadili ho na n\u00e1vsi.<\/p>\n","protected":false},"excerpt":{"rendered":"<p>V ned\u011bli 27.11.2016 v 17 hodin se na n\u00e1vsi, jako ka\u017edoro\u010dn\u011b, sejdeme u rozsv\u00edcen\u00ed v\u00e1no\u010dn\u00edho stromku. Jako ka\u017edoro\u010dn\u011b n\u00e1m muzikanti zahraj\u00ed a zp\u011bv\u00e1ci zazp\u00edvaj\u00ed a my se k nim t\u0159eba i p\u0159id\u00e1me. Zima by nem\u011bla b\u00fdt tak velik\u00e1 jako loni, ale sva\u0159\u00e1\u010dek \u010di n\u011bco k zakousnut\u00ed k akci pat\u0159\u00ed a ur\u010dit\u011b p\u0159ijde vhod. Akci secvi\u010duj\u00ed &hellip; <a href=\"https:\/\/kostelecuholesova.eu\/?p=2368\" class=\"more-link\">Pokra\u010dov\u00e1n\u00ed textu <span class=\"screen-reader-text\">Rozsv\u00edcen\u00ed v\u00e1no\u010dn\u00edho stromku<\/span> <span class=\"meta-nav\">&rarr;<\/span><\/a><\/p>\n","protected":false},"author":1,"featured_media":0,"comment_status":"open","ping_status":"open","sticky":false,"template":"","format":"standard","meta":{"_monsterinsights_skip_tracking":false,"_monsterinsights_sitenote_active":false,"_monsterinsights_sitenote_note":"","_monsterinsights_sitenote_category":0,"footnotes":""},"categories":[11],"tags":[],"class_list":["post-2368","post","type-post","status-publish","format-standard","hentry","category-komentare"],"_links":{"self":[{"href":"https:\/\/kostelecuholesova.eu\/index.php?rest_route=\/wp\/v2\/posts\/2368","targetHints":{"allow":["GET"]}}],"collection":[{"href":"https:\/\/kostelecuholesova.eu\/index.php?rest_route=\/wp\/v2\/posts"}],"about":[{"href":"https:\/\/kostelecuholesova.eu\/index.php?rest_route=\/wp\/v2\/types\/post"}],"author":[{"embeddable":true,"href":"https:\/\/kostelecuholesova.eu\/index.php?rest_route=\/wp\/v2\/users\/1"}],"replies":[{"embeddable":true,"href":"https:\/\/kostelecuholesova.eu\/index.php?rest_route=%2Fwp%2Fv2%2Fcomments&post=2368"}],"version-history":[{"count":2,"href":"https:\/\/kostelecuholesova.eu\/index.php?rest_route=\/wp\/v2\/posts\/2368\/revisions"}],"predecessor-version":[{"id":2371,"href":"https:\/\/kostelecuholesova.eu\/index.php?rest_route=\/wp\/v2\/posts\/2368\/revisions\/2371"}],"wp:attachment":[{"href":"https:\/\/kostelecuholesova.eu\/index.php?rest_route=%2Fwp%2Fv2%2Fmedia&parent=2368"}],"wp:term":[{"taxonomy":"category","embeddable":true,"href":"https:\/\/kostelecuholesova.eu\/index.php?rest_route=%2Fwp%2Fv2%2Fcategories&post=2368"},{"taxonomy":"post_tag","embeddable":true,"href":"https:\/\/kostelecuholesova.eu\/index.php?rest_route=%2Fwp%2Fv2%2Ftags&post=2368"}],"curies":[{"name":"wp","href":"https:\/\/api.w.org\/{rel}","templated":true}]}}