{"id":2285,"date":"2016-11-07T16:44:45","date_gmt":"2016-11-07T14:44:45","guid":{"rendered":"http:\/\/kostelecuholesova.eu\/?p=2285"},"modified":"2016-11-07T16:44:45","modified_gmt":"2016-11-07T14:44:45","slug":"zakaz-vjezdu-prinese-zklidneni-dopravy","status":"publish","type":"post","link":"https:\/\/kostelecuholesova.eu\/?p=2285","title":{"rendered":"Z\u00e1kaz vjezdu p\u0159inese zklidn\u011bn\u00ed dopravy"},"content":{"rendered":"<p style=\"text-align: justify;\"><span style=\"color: #0000ff;\"><strong>Dnes byla z rozhodnut\u00ed Rady obce naistalov\u00e1na zna\u010dka z\u00e1kazu vjezdu, kter\u00e1 by m\u011bla p\u0159in\u00e9st zklidn\u011bn\u00ed dopravy pod okny soused\u016f.<\/strong><\/span><\/p>\n<hr \/>\n<p style=\"text-align: justify;\"><a href=\"http:\/\/kostelecuholesova.eu\/wp-content\/uploads\/2016\/11\/m-5DD32176A.jpg\"><img loading=\"lazy\" decoding=\"async\" class=\"alignnone size-full wp-image-2287\" src=\"http:\/\/kostelecuholesova.eu\/wp-content\/uploads\/2016\/11\/m-5DD32176A.jpg\" alt=\"m-5dd32176a\" width=\"1000\" height=\"667\" srcset=\"https:\/\/kostelecuholesova.eu\/wp-content\/uploads\/2016\/11\/m-5DD32176A.jpg 1000w, https:\/\/kostelecuholesova.eu\/wp-content\/uploads\/2016\/11\/m-5DD32176A-300x200.jpg 300w\" sizes=\"auto, (max-width: 1000px) 100vw, 1000px\" \/><\/a><\/p>\n<p style=\"text-align: justify;\">Mysl\u00edm, \u017ee to byl dobr\u00fd po\u010din od souseda Posp\u00ed\u0161il\u00edka iniciovat na jedn\u00e1n\u00ed Rady obce um\u00edst\u011bn\u00ed dopravn\u00ed zna\u010dky ve slep\u00e9 ulici jdouc\u00ed k fotbalov\u00e9mu h\u0159i\u0161ti. A mysl\u00edm, \u017ee to bylo dobr\u00e9 rozhodnut\u00ed ze strany Rady obce vysly\u0161et \u017e\u00e1dost inici\u00e1tora a zna\u010dkou zklidnit dopravu v t\u00e9to \u010d\u00e1sti obce.<\/p>\n<p><a href=\"http:\/\/kostelecuholesova.eu\/wp-content\/uploads\/2016\/11\/21-RO-16-zapis-rada-c.-21_2016-17.-10.-2016_Page_3-e1478526264557.jpg\"><img loading=\"lazy\" decoding=\"async\" class=\"alignnone size-large wp-image-2288\" src=\"http:\/\/kostelecuholesova.eu\/wp-content\/uploads\/2016\/11\/21-RO-16-zapis-rada-c.-21_2016-17.-10.-2016_Page_3-e1478526264557-1024x286.jpg\" alt=\"21-ro-16-zapis-rada-c-21_2016-17-10-2016_page_3\" width=\"474\" height=\"132\" srcset=\"https:\/\/kostelecuholesova.eu\/wp-content\/uploads\/2016\/11\/21-RO-16-zapis-rada-c.-21_2016-17.-10.-2016_Page_3-e1478526264557-1024x286.jpg 1024w, https:\/\/kostelecuholesova.eu\/wp-content\/uploads\/2016\/11\/21-RO-16-zapis-rada-c.-21_2016-17.-10.-2016_Page_3-e1478526264557-300x83.jpg 300w, https:\/\/kostelecuholesova.eu\/wp-content\/uploads\/2016\/11\/21-RO-16-zapis-rada-c.-21_2016-17.-10.-2016_Page_3-e1478526264557.jpg 1461w\" sizes=\"auto, (max-width: 474px) 100vw, 474px\" \/><\/a><\/p>\n<p style=\"text-align: justify;\">Lehk\u00e9 uveden\u00ed do problematiky pro ty, co v obci nebydl\u00ed, nebo zdej\u0161\u00ed dopravn\u00ed ruch nepoci\u0165uj\u00ed na svou k\u016f\u017ei. Uveden\u00e1 komunikace je slep\u00e1 a kon\u010d\u00ed na h\u0159i\u0161ti. Lid\u00e9 co to znaj\u00ed v drtiv\u00e9 v\u011bt\u0161in\u011b v\u00ed, \u017ee kdy\u017e jdou na fotbalov\u00e9 h\u0159i\u0161t\u011b, tak zaparkuj\u00ed jinde. Na tuto komunikaci v\u016fbec nevj\u00ed\u017ed\u011bj\u00ed, proto\u017ee tam auto stejn\u011b nejde nechat. Pot\u00ed\u017e je s p\u0159espoln\u00edmi, kte\u0159\u00ed obvykle cht\u011bj\u00ed dojet co nejbl\u00ed\u017e k tr\u00e1vn\u00edku h\u0159i\u0161t\u011b, ale a\u017e na konci cesty pochop\u00ed, \u017ee se mus\u00ed oto\u010dit a parkovat jinde. Pod okny soused\u016f je pak n\u011bkdy provoz jak na Magistr\u00e1le v Praze.<\/p>\n<p style=\"text-align: justify;\">Zna\u010dka by mohla \u0159idi\u010de nasm\u011brovat k v\u010dasn\u00e9mu a p\u0159edv\u00eddav\u00e9mu p\u0159em\u00fd\u0161len\u00ed, kde si maj\u00ed sv\u00e9ho plech\u00e1\u010dka nechat. Praxe uk\u00e1\u017ee, jak se \u0159idi\u010di s novou dopravn\u00ed zna\u010dkou s\u017eij\u00ed a budou j\u00ed respektovat.<\/p>\n<p style=\"text-align: justify;\">Pot\u00ed\u017e m\u016f\u017ee nastat, kdy\u017e neuk\u00e1zn\u011bn\u00ed \u0159idi\u010di zna\u010dku respektovat nebudou. Jeliko\u017e obec nem\u00e1 M\u011bstskou policii, kter\u00e1 by m\u011bla respektov\u00e1n\u00ed zna\u010dky vym\u00e1hat, tak si nedok\u00e1\u017ei p\u0159edstavit, kdo bude na dodr\u017eov\u00e1n\u00ed z\u00e1kazu vjezdu dohl\u00ed\u017eet a \u0159e\u0161it p\u0159\u00edpadn\u00e9 neuk\u00e1zn\u011bn\u00e9 \u0159idi\u010de.<\/p>\n<p style=\"text-align: justify;\">Druh\u00e1 pot\u00ed\u017e bude nap\u0159. s rodinami, p\u0159\u00edbuzn\u00fdmi \u010di zn\u00e1m\u00fdmi n\u011bkoho z t\u011bch 3 dom\u016f za zna\u010dkou. Dodatkov\u00e1 tabulka toti\u017e jasn\u011b \u0159\u00edk\u00e1: &#8222;<strong>Dopravn\u00ed obsluze vjezd povolen<\/strong>&#8222;. Tedy <strong><em>vozidla zaji\u0161\u0165uj\u00edc\u00ed z\u00e1sobov\u00e1n\u00ed nebo l\u00e9ka\u0159sk\u00e9, oprav\u00e1rensk\u00e9, \u00fadr\u017eb\u00e1\u0159sk\u00e9, komun\u00e1ln\u00ed a podobn\u00e9 slu\u017eby pro oblast za zna\u010dkou, vozidla s ozna\u010den\u00edm \u010d. O1, vozidla taxislu\u017eby a vozidla, jejich\u017e \u0159idi\u010di, pop\u0159\u00edpad\u011b provozovatel\u00e9 maj\u00ed v m\u00edstech za zna\u010dkou bydli\u0161t\u011b, s\u00eddlo nebo gar\u00e1\u017e<\/em><\/strong>. Laicky si mnohdy lid\u00e9 mysl\u00ed &#8211; vezu autem n\u00e1kup rodi\u010d\u016fm, jsem dopravn\u00ed obsluha. Nebo &#8211; jedu vyzvednout zbo\u017e\u00ed, jsem dopravn\u00ed obsluha. Tak tato laick\u00e1 \u00favaha je \u00fapln\u011b chybn\u00e1. S\u00e1m jsem v Olomouci d\u00edky podobn\u00e9 nespr\u00e1vn\u00e9 laick\u00e9 \u00favaze zaplatil pokutu.<\/p>\n<p style=\"text-align: justify;\">Jak se situace za touto zna\u010dkou bude u n\u00e1s v obci \u0159e\u0161it, nedok\u00e1\u017ei odhadnout. Uvedu modelov\u00e9 situace z re\u00e1ln\u00e9ho denn\u00edho \u017eivota. Za panem Ml\u010d\u00e1kem p\u0159ijede jeho syn z Plzn\u011b, nebo dcera ze Ska\u0161tic. Teoreticky za z\u00e1kaz vjezdu vjet nemohou, a\u010dkoliv auto zaparkuj\u00ed na vlastn\u00ed zahrad\u011b p. Ml\u010d\u00e1ka. Podobn\u00e1 situace nastane u Roberta, kdy\u017e pojede za svou sestrou a maminkou a auto nech\u00e1 zaparkovan\u00e9 na vlastn\u00edm travnat\u00e9m pozemku vedle domu. A t\u0159et\u00ed p\u0159\u00edpad je Patrik, kdy\u017e pojede autem za rodi\u010di a bratrem. Schv\u00e1ln\u011b jsem vybral nejbli\u017e\u0161\u00ed p\u0159\u00edbuzn\u00e9 ze 3 dom\u016f za zna\u010dkou, u kter\u00fdch zhruba jednou do t\u00fddne tato situace nastane. V\u0161ichni jmenovan\u00ed zde nebydl\u00ed, logicky za rodinou doj\u00ed\u017ed\u011bj\u00ed ale parkuj\u00ed na vlastn\u00edch pozemc\u00edch. P\u0159esto by dojezdem autem k domu teoreticky poru\u0161ili instalovanou zna\u010dku.<\/p>\n<p style=\"text-align: justify;\">Asi praxe a \u017eivot uk\u00e1\u017ee, jak se m\u00edstn\u011b instaloval\u00fd z\u00e1kaz vjezdu bude \u0159e\u0161it. V tuto chv\u00edli je dob\u0159e, \u017ee zna\u010dka existuje a je um\u00edst\u011bna. P.S.: Jen pro po\u0159\u00e1dek dod\u00e1v\u00e1m, \u017ee za poru\u0161en\u00ed zna\u010dky z\u00e1kazu vjezdu lze ulo\u017eit pokutu 1 500 a\u017e 2 500 K\u010d (na m\u00edst\u011b do 2 000 K\u010d) a \u0159idi\u010d z\u00edsk\u00e1 1 bod.<\/p>\n<hr \/>\n<p style=\"text-align: justify;\"><a href=\"http:\/\/www.mpfrenstat.cz\/aktuality\/111-3172013-mimo-dopravni-obsluhy\" target=\"_blank\">Z webu MP Fren\u0161t\u00e1t pod Radho\u0161t\u011bm<\/a><\/p>\n<p style=\"text-align: justify;\"><a href=\"http:\/\/www.autoweb.cz\/dopravni-obsluha-a-zasobovani\/\" target=\"_blank\">Z webu Autoweb<\/a><\/p>\n","protected":false},"excerpt":{"rendered":"<p>Dnes byla z rozhodnut\u00ed Rady obce naistalov\u00e1na zna\u010dka z\u00e1kazu vjezdu, kter\u00e1 by m\u011bla p\u0159in\u00e9st zklidn\u011bn\u00ed dopravy pod okny soused\u016f. Mysl\u00edm, \u017ee to byl dobr\u00fd po\u010din od souseda Posp\u00ed\u0161il\u00edka iniciovat na jedn\u00e1n\u00ed Rady obce um\u00edst\u011bn\u00ed dopravn\u00ed zna\u010dky ve slep\u00e9 ulici jdouc\u00ed k fotbalov\u00e9mu h\u0159i\u0161ti. A mysl\u00edm, \u017ee to bylo dobr\u00e9 rozhodnut\u00ed ze strany Rady obce vysly\u0161et &hellip; <a href=\"https:\/\/kostelecuholesova.eu\/?p=2285\" class=\"more-link\">Pokra\u010dov\u00e1n\u00ed textu <span class=\"screen-reader-text\">Z\u00e1kaz vjezdu p\u0159inese zklidn\u011bn\u00ed dopravy<\/span> <span class=\"meta-nav\">&rarr;<\/span><\/a><\/p>\n","protected":false},"author":1,"featured_media":0,"comment_status":"open","ping_status":"open","sticky":false,"template":"","format":"standard","meta":{"_monsterinsights_skip_tracking":false,"_monsterinsights_sitenote_active":false,"_monsterinsights_sitenote_note":"","_monsterinsights_sitenote_category":0,"footnotes":""},"categories":[11],"tags":[],"class_list":["post-2285","post","type-post","status-publish","format-standard","hentry","category-komentare"],"_links":{"self":[{"href":"https:\/\/kostelecuholesova.eu\/index.php?rest_route=\/wp\/v2\/posts\/2285","targetHints":{"allow":["GET"]}}],"collection":[{"href":"https:\/\/kostelecuholesova.eu\/index.php?rest_route=\/wp\/v2\/posts"}],"about":[{"href":"https:\/\/kostelecuholesova.eu\/index.php?rest_route=\/wp\/v2\/types\/post"}],"author":[{"embeddable":true,"href":"https:\/\/kostelecuholesova.eu\/index.php?rest_route=\/wp\/v2\/users\/1"}],"replies":[{"embeddable":true,"href":"https:\/\/kostelecuholesova.eu\/index.php?rest_route=%2Fwp%2Fv2%2Fcomments&post=2285"}],"version-history":[{"count":4,"href":"https:\/\/kostelecuholesova.eu\/index.php?rest_route=\/wp\/v2\/posts\/2285\/revisions"}],"predecessor-version":[{"id":2291,"href":"https:\/\/kostelecuholesova.eu\/index.php?rest_route=\/wp\/v2\/posts\/2285\/revisions\/2291"}],"wp:attachment":[{"href":"https:\/\/kostelecuholesova.eu\/index.php?rest_route=%2Fwp%2Fv2%2Fmedia&parent=2285"}],"wp:term":[{"taxonomy":"category","embeddable":true,"href":"https:\/\/kostelecuholesova.eu\/index.php?rest_route=%2Fwp%2Fv2%2Fcategories&post=2285"},{"taxonomy":"post_tag","embeddable":true,"href":"https:\/\/kostelecuholesova.eu\/index.php?rest_route=%2Fwp%2Fv2%2Ftags&post=2285"}],"curies":[{"name":"wp","href":"https:\/\/api.w.org\/{rel}","templated":true}]}}